{"id":5766,"date":"2023-06-26T18:59:52","date_gmt":"2023-06-26T18:59:52","guid":{"rendered":"http:\/\/172.27.0.121\/?p=5766"},"modified":"2023-06-26T18:59:52","modified_gmt":"2023-06-26T18:59:52","slug":"maduro-es-necesario-construir-una-identidad-cientifica-y-tecnologica-de-america-latina-y-el-caribe","status":"publish","type":"post","link":"https:\/\/prensapresidencialvenezuela.gob.ve\/index.php\/2023\/06\/26\/maduro-es-necesario-construir-una-identidad-cientifica-y-tecnologica-de-america-latina-y-el-caribe\/","title":{"rendered":"Maduro: Es necesario construir una identidad cient\u00edfica y tecnol\u00f3gica de Am\u00e9rica Latina y el Caribe \u00a0"},"content":{"rendered":"\n<p><strong>La Casona Cultural \u201cAquiles Nazoa\u201d, estado Miranda.-&nbsp;<\/strong>Al destacar la necesidad de construir una identidad cient\u00edfica y tecnol\u00f3gica de Am\u00e9rica Latina y El Caribe, el presidente de la Rep\u00fablica Bolivariana de Venezuela, Nicol\u00e1s Maduro Moros, asever\u00f3 que solo un mundo multipolar, multic\u00e9ntrico y pluripolar permitir\u00e1 la consolidaci\u00f3n del bloque regional.<\/p>\n\n\n\n<p>DesdeLa Casona Cultural \u201cAquiles Nazoa\u201d, ubicada en el estado Miranda, durante la reuni\u00f3n de trabajo dedicada al intercambio cient\u00edfico y tecnol\u00f3gico de la Comunidad de Estados Latinoamericanos y Caribe\u00f1os (CELAC), el mandatario nacional insisti\u00f3 en la construcci\u00f3n de un modelo de paz y esp\u00edritu regional, que permita atender a los pueblos ante las emergencias globales.<\/p>\n\n\n\n<p>\u201cEl proceso de construcci\u00f3n de una identidad latinoamericana y caribe\u00f1a en el siglo XXI es importante, una identidad que se vaya posesionando en el esp\u00edritu de los pueblos del continente, que vayamos viendo la regi\u00f3n como una gran oportunidad para construir un inmenso bloque de poder pol\u00edtico, social, cultural, econ\u00f3mico e integral\u201d, acot\u00f3.<\/p>\n\n\n\n<p>En este sentido, asegur\u00f3 que la identidad latinoamericana y caribe\u00f1a debe rechazar los imperios y modelos hegem\u00f3nicos, \u201cdonde se imponga un mundo de pueblos independientes, soberanos, libres, un mundo de cooperaci\u00f3n, un mundo sin guerras y de paz cada vez es m\u00e1s intensa\u201d.<\/p>\n\n\n\n<p>Finalmente, el jefe de Estado exhort\u00f3 a las autoridades presentes a continuar fortaleciendo la identidad de los pueblos.<\/p>\n\n\n\n<p>\u201cAm\u00e9rica Latina y el Caribe debe estar a la altura, al nivel de ese mundo que est\u00e1 naciendo y presentarse como un bloque unitario con una identidad propia, con propuestas propias, es un sue\u00f1o dir\u00e1n algunos, dif\u00edcil de concretar dir\u00e1n otros (\u2026) pues les doy la buena noticia, ese mundo ya existe, ese mundo est\u00e1 naciendo y Am\u00e9rica Latina y el Caribe ya es parte de ese nuevo mundo\u201d, concluy\u00f3<\/p>\n\n\n\n<p><strong>Prensa Presidencial \/ Joelin Jim\u00e9nez<\/strong><\/p>\n","protected":false},"excerpt":{"rendered":"<p>La Casona Cultural \u201cAquiles Nazoa\u201d, estado Miranda.-&nbsp;Al destacar la necesidad de construir una identidad cient\u00edfica y tecnol\u00f3gica de Am\u00e9rica Latina y El Caribe, el presidente de la Rep\u00fablica Bolivariana de Venezuela, Nicol\u00e1s Maduro Moros, asever\u00f3 que solo un mundo multipolar, multic\u00e9ntrico y pluripolar permitir\u00e1 la consolidaci\u00f3n del bloque regional. DesdeLa Casona Cultural \u201cAquiles Nazoa\u201d, ubicada [&hellip;]<\/p>\n","protected":false},"author":6,"featured_media":5768,"comment_status":"open","ping_status":"open","sticky":false,"template":"","format":"standard","meta":{"footnotes":""},"categories":[18,7],"tags":[],"class_list":["post-5766","post","type-post","status-publish","format-standard","has-post-thumbnail","hentry","category-noticias-principales","category-notas-de-prensa"],"_links":{"self":[{"href":"https:\/\/prensapresidencialvenezuela.gob.ve\/index.php\/wp-json\/wp\/v2\/posts\/5766","targetHints":{"allow":["GET"]}}],"collection":[{"href":"https:\/\/prensapresidencialvenezuela.gob.ve\/index.php\/wp-json\/wp\/v2\/posts"}],"about":[{"href":"https:\/\/prensapresidencialvenezuela.gob.ve\/index.php\/wp-json\/wp\/v2\/types\/post"}],"author":[{"embeddable":true,"href":"https:\/\/prensapresidencialvenezuela.gob.ve\/index.php\/wp-json\/wp\/v2\/users\/6"}],"replies":[{"embeddable":true,"href":"https:\/\/prensapresidencialvenezuela.gob.ve\/index.php\/wp-json\/wp\/v2\/comments?post=5766"}],"version-history":[{"count":1,"href":"https:\/\/prensapresidencialvenezuela.gob.ve\/index.php\/wp-json\/wp\/v2\/posts\/5766\/revisions"}],"predecessor-version":[{"id":5769,"href":"https:\/\/prensapresidencialvenezuela.gob.ve\/index.php\/wp-json\/wp\/v2\/posts\/5766\/revisions\/5769"}],"wp:featuredmedia":[{"embeddable":true,"href":"https:\/\/prensapresidencialvenezuela.gob.ve\/index.php\/wp-json\/wp\/v2\/media\/5768"}],"wp:attachment":[{"href":"https:\/\/prensapresidencialvenezuela.gob.ve\/index.php\/wp-json\/wp\/v2\/media?parent=5766"}],"wp:term":[{"taxonomy":"category","embeddable":true,"href":"https:\/\/prensapresidencialvenezuela.gob.ve\/index.php\/wp-json\/wp\/v2\/categories?post=5766"},{"taxonomy":"post_tag","embeddable":true,"href":"https:\/\/prensapresidencialvenezuela.gob.ve\/index.php\/wp-json\/wp\/v2\/tags?post=5766"}],"curies":[{"name":"wp","href":"https:\/\/api.w.org\/{rel}","templated":true}]}}