{"id":5770,"date":"2023-06-26T19:17:05","date_gmt":"2023-06-26T19:17:05","guid":{"rendered":"http:\/\/172.27.0.121\/?p=5770"},"modified":"2023-06-26T19:17:05","modified_gmt":"2023-06-26T19:17:05","slug":"venezuela-propone-la-creacion-del-centro-de-investigaciones-aplicadas-de-ciencia-y-tecnologia","status":"publish","type":"post","link":"https:\/\/prensapresidencialvenezuela.gob.ve\/index.php\/2023\/06\/26\/venezuela-propone-la-creacion-del-centro-de-investigaciones-aplicadas-de-ciencia-y-tecnologia\/","title":{"rendered":"Venezuela propone la creaci\u00f3n del Centro de Investigaciones Aplicadas de Ciencia y Tecnolog\u00eda"},"content":{"rendered":"\n<p><strong>La Casona Cultural \u201cAquiles Nazoa\u201d, estado Miranda.- <\/strong>En el contexto de la reuni\u00f3n de trabajo dedicada al intercambio cient\u00edfico y tecnol\u00f3gico de la Comunidad de Estados Latinoamericanos y Caribe\u00f1os (CELAC), el jefe de Estado venezolano, propuso la creaci\u00f3n de un Centro Latinoamericano y Caribe\u00f1o de Investigaciones Aplicadas &nbsp;de Ciencia y Tecnolog\u00eda.<\/p>\n\n\n\n<p>\u201cUn Centro donde podamos articular todos los avances, con una agenda de prioridades que ustedes sabr\u00e1n establecer\u201d, destac\u00f3 el Dignatario desde La Casona Cultural \u201cAquiles Nazoa\u201d, ubicada en el estado Miranda.<\/p>\n\n\n\n<p>Al respecto, puntualiz\u00f3 que este centro permitir\u00e1 construir la arquitectura organizacional, adem\u00e1s de una agenda de temas prioritarios \u201cpara que desde la CELAC, m\u00e1s temprano que tarde, con el apoyo de los 33 pa\u00edses, la ciencia y tecnolog\u00eda est\u00e9n al frente de proyectos de construcci\u00f3n de nuestros pueblos\u201d.<\/p>\n\n\n\n<p>\u201cUna ciencia, tecnolog\u00eda e innovaci\u00f3n aplicada que permita la b\u00fasqueda de soluciones a los problemas que han surgido del cambio clim\u00e1tico\u201d en la agricultura, salud, la producci\u00f3n de alimentos, educaci\u00f3n, entre otras \u00e1reas.<\/p>\n\n\n\n<p>En este sentido, resalt\u00f3 la importancia de debatir y desarrollar investigaciones en distintos \u00e1mbitos con el prop\u00f3sito de aportar soluciones en los pueblos, adem\u00e1s de elementos que tributen a nuevas pol\u00edticas p\u00fablicas que tengan impacto en la vida social de Am\u00e9rica Latina y el Caribe.<\/p>\n\n\n\n<p>\u201cEstoy seguro que uniendo esfuerzos de las mentes brillantes de nuestros cient\u00edficos y cient\u00edficas, innovadores y tecn\u00f3logos, muy pronto Am\u00e9rica Latina y el Caribe estar\u00e1 al frente de la velocidad y la altura del siglo XXI\u201d, asever\u00f3.<\/p>\n\n\n\n<p><strong>Prensa Presidencia \/ Joelin Jim\u00e9nez<\/strong><\/p>\n","protected":false},"excerpt":{"rendered":"<p>La Casona Cultural \u201cAquiles Nazoa\u201d, estado Miranda.- En el contexto de la reuni\u00f3n de trabajo dedicada al intercambio cient\u00edfico y tecnol\u00f3gico de la Comunidad de Estados Latinoamericanos y Caribe\u00f1os (CELAC), el jefe de Estado venezolano, propuso la creaci\u00f3n de un Centro Latinoamericano y Caribe\u00f1o de Investigaciones Aplicadas &nbsp;de Ciencia y Tecnolog\u00eda. \u201cUn Centro donde podamos [&hellip;]<\/p>\n","protected":false},"author":6,"featured_media":5771,"comment_status":"open","ping_status":"open","sticky":false,"template":"","format":"standard","meta":{"footnotes":""},"categories":[18,7],"tags":[],"class_list":["post-5770","post","type-post","status-publish","format-standard","has-post-thumbnail","hentry","category-noticias-principales","category-notas-de-prensa"],"_links":{"self":[{"href":"https:\/\/prensapresidencialvenezuela.gob.ve\/index.php\/wp-json\/wp\/v2\/posts\/5770","targetHints":{"allow":["GET"]}}],"collection":[{"href":"https:\/\/prensapresidencialvenezuela.gob.ve\/index.php\/wp-json\/wp\/v2\/posts"}],"about":[{"href":"https:\/\/prensapresidencialvenezuela.gob.ve\/index.php\/wp-json\/wp\/v2\/types\/post"}],"author":[{"embeddable":true,"href":"https:\/\/prensapresidencialvenezuela.gob.ve\/index.php\/wp-json\/wp\/v2\/users\/6"}],"replies":[{"embeddable":true,"href":"https:\/\/prensapresidencialvenezuela.gob.ve\/index.php\/wp-json\/wp\/v2\/comments?post=5770"}],"version-history":[{"count":1,"href":"https:\/\/prensapresidencialvenezuela.gob.ve\/index.php\/wp-json\/wp\/v2\/posts\/5770\/revisions"}],"predecessor-version":[{"id":5772,"href":"https:\/\/prensapresidencialvenezuela.gob.ve\/index.php\/wp-json\/wp\/v2\/posts\/5770\/revisions\/5772"}],"wp:featuredmedia":[{"embeddable":true,"href":"https:\/\/prensapresidencialvenezuela.gob.ve\/index.php\/wp-json\/wp\/v2\/media\/5771"}],"wp:attachment":[{"href":"https:\/\/prensapresidencialvenezuela.gob.ve\/index.php\/wp-json\/wp\/v2\/media?parent=5770"}],"wp:term":[{"taxonomy":"category","embeddable":true,"href":"https:\/\/prensapresidencialvenezuela.gob.ve\/index.php\/wp-json\/wp\/v2\/categories?post=5770"},{"taxonomy":"post_tag","embeddable":true,"href":"https:\/\/prensapresidencialvenezuela.gob.ve\/index.php\/wp-json\/wp\/v2\/tags?post=5770"}],"curies":[{"name":"wp","href":"https:\/\/api.w.org\/{rel}","templated":true}]}}