{"id":5773,"date":"2023-06-26T19:28:28","date_gmt":"2023-06-26T19:28:28","guid":{"rendered":"http:\/\/172.27.0.121\/?p=5773"},"modified":"2023-06-26T19:29:05","modified_gmt":"2023-06-26T19:29:05","slug":"presidencialven-en-linea-n-10","status":"publish","type":"post","link":"https:\/\/prensapresidencialvenezuela.gob.ve\/index.php\/2023\/06\/26\/presidencialven-en-linea-n-10\/","title":{"rendered":"PresidencialVen en L\u00ednea | N\u00b0 10"},"content":{"rendered":"\n<p>Venezuela ratifica su solidaridad con pueblos hermanos ante los intentos de perturbar la paz a trav\u00e9s de m\u00e9todos terrorista. Ent\u00e9rese de m\u00e1s en este episodio de PresidencialVen en L\u00ednea.<\/p>\n\n\n\n<figure class=\"wp-block-audio\"><audio controls src=\"https:\/\/prensapresidencialvenezuela.gob.ve\/wp-content\/uploads\/2023\/06\/PRESIDENCIALVEN-No-10.mp3\"><\/audio><\/figure>\n","protected":false},"excerpt":{"rendered":"<p>Venezuela ratifica su solidaridad con pueblos hermanos ante los intentos de perturbar la paz a trav\u00e9s de m\u00e9todos terrorista. Ent\u00e9rese de m\u00e1s en este episodio de PresidencialVen en L\u00ednea.<\/p>\n","protected":false},"author":6,"featured_media":5456,"comment_status":"open","ping_status":"open","sticky":false,"template":"","format":"standard","meta":{"footnotes":""},"categories":[3],"tags":[],"class_list":["post-5773","post","type-post","status-publish","format-standard","has-post-thumbnail","hentry","category-contenido-de-audios"],"_links":{"self":[{"href":"https:\/\/prensapresidencialvenezuela.gob.ve\/index.php\/wp-json\/wp\/v2\/posts\/5773","targetHints":{"allow":["GET"]}}],"collection":[{"href":"https:\/\/prensapresidencialvenezuela.gob.ve\/index.php\/wp-json\/wp\/v2\/posts"}],"about":[{"href":"https:\/\/prensapresidencialvenezuela.gob.ve\/index.php\/wp-json\/wp\/v2\/types\/post"}],"author":[{"embeddable":true,"href":"https:\/\/prensapresidencialvenezuela.gob.ve\/index.php\/wp-json\/wp\/v2\/users\/6"}],"replies":[{"embeddable":true,"href":"https:\/\/prensapresidencialvenezuela.gob.ve\/index.php\/wp-json\/wp\/v2\/comments?post=5773"}],"version-history":[{"count":2,"href":"https:\/\/prensapresidencialvenezuela.gob.ve\/index.php\/wp-json\/wp\/v2\/posts\/5773\/revisions"}],"predecessor-version":[{"id":5776,"href":"https:\/\/prensapresidencialvenezuela.gob.ve\/index.php\/wp-json\/wp\/v2\/posts\/5773\/revisions\/5776"}],"wp:featuredmedia":[{"embeddable":true,"href":"https:\/\/prensapresidencialvenezuela.gob.ve\/index.php\/wp-json\/wp\/v2\/media\/5456"}],"wp:attachment":[{"href":"https:\/\/prensapresidencialvenezuela.gob.ve\/index.php\/wp-json\/wp\/v2\/media?parent=5773"}],"wp:term":[{"taxonomy":"category","embeddable":true,"href":"https:\/\/prensapresidencialvenezuela.gob.ve\/index.php\/wp-json\/wp\/v2\/categories?post=5773"},{"taxonomy":"post_tag","embeddable":true,"href":"https:\/\/prensapresidencialvenezuela.gob.ve\/index.php\/wp-json\/wp\/v2\/tags?post=5773"}],"curies":[{"name":"wp","href":"https:\/\/api.w.org\/{rel}","templated":true}]}}