{"id":5796,"date":"2023-06-27T22:30:06","date_gmt":"2023-06-27T22:30:06","guid":{"rendered":"http:\/\/172.27.0.121\/?p=5796"},"modified":"2023-06-27T22:30:06","modified_gmt":"2023-06-27T22:30:06","slug":"presidente-maduro-entrega-premio-nacional-de-periodismo-2023","status":"publish","type":"post","link":"https:\/\/prensapresidencialvenezuela.gob.ve\/index.php\/2023\/06\/27\/presidente-maduro-entrega-premio-nacional-de-periodismo-2023\/","title":{"rendered":"Presidente Maduro entrega Premio Nacional de Periodismo 2023"},"content":{"rendered":"\n<p><strong>Palacio de Miraflores, Caracas. \u2013 <\/strong>El presidente la Rep\u00fablica Bolivariana de Venezuela, Nicol\u00e1s Maduro, entrega la tarde de este martes el Premio Nacional de Periodismo Sim\u00f3n Bol\u00edvar, en su 81\u00ba edici\u00f3n, desde el Sal\u00f3n Ayacucho del Palacio de Miraflores.<\/p>\n\n\n\n<p>Esta edici\u00f3n se realiza en homenaje al periodista e historiador Antonio \u00abChino\u00bb Manrique, quien cuenta con una reconocida trayectoria, con m\u00e1sde 20 a\u00f1os de experiencia en mediosimpresos y alternativos.<\/p>\n\n\n\n<p>Precisamente,&nbsp;Antonio \u00abChino\u00bb Manrique recibe el Premio \u00danico de Periodismo Sim\u00f3n Bol\u00edvar; asimismo son galardonados Harold Urrieta, con el premio de Impreso; por la categor\u00eda Periodismo en Imagen Gr\u00e1fica fue seleccionado Mat\u00edas Delacroix; en Opini\u00f3nobtuvo el galard\u00f3n Ana Cristina Bracho; mientras que el premio para Docencia e Investigaci\u00f3n corresponde a Anah\u00ed Arizmendi, por su libro \u201cInfancia Bajo Asedio\u201d, publicado por la Editorial Trinchera, en el que se emplea el g\u00e9nero de reportaje.<\/p>\n\n\n\n<p>El premio en Radio destac\u00f3 \u201cVoces Escolares\u201d producido por la Comunidad de Aprendizaje \u201cComunicaci\u00f3n AlternativaT\u00e1chira\u201d y transmitido por el canalRegional de T\u00e1chira del Sistema Radio Nacional de Venezuela; en televisi\u00f3n el programa A Pulso conducido por el periodista Julio Riob\u00f3 y transmitido por Venezolana de Televisi\u00f3n (VTV).<\/p>\n\n\n\n<p>El premio de Periodismo Comunitario y Alternativo es parael Sitio Web: Curioso Teatro del promotor cultural Argenis David Gonz\u00e1lez, quien mediante el g\u00e9nero de la entrevista aborda el acontecer cultural, la identidad regional y la memoria patrimonial del municipio Plaza del estado Miranda; en el periodismo digital el premio corresponde al ObservatorioVenezolanoAntibloqueo,dirigido porel periodista&nbsp;&nbsp;&nbsp;&nbsp;&nbsp;&nbsp;&nbsp;&nbsp;&nbsp; William Castillo, por la publicaci\u00f3ndigital Los N\u00fameros del Bloqueo.<\/p>\n\n\n\n<p>Este a\u00f1o, el premio de periodismo en TikTok fue para Luc\u00eda Eugenia C\u00f3rdova; periodismo en Facebook le corresponde a Jos\u00e9 Miguel Marrero T\u00e9llez; y en Instagram, a la cuenta @LASALINAELSALITRE, por su iniciativa de informar acerca de la actualidad en las comunidades y parroquias del estado La Guaira, en materia deportiva, productiva, cultural, comunitaria y de inter\u00e9s tur\u00edstico.<\/p>\n\n\n\n<p>Asimismo, el Premio Nacional de Periodismo en Podcast se lo lleva Voces del Cine Venezolano, con el que se premia a la serie de micros, publicados en las plataformas Acast, Spotify, Ivoox y ITunes, producido por Omar Mesones.<\/p>\n\n\n\n<p>Tambi\u00e9n, la periodista Karen M\u00e9ndez obtuvo el premio nacional del periodismo en Youtube, por su serie de trabajos informativos y de investigaci\u00f3n para mostrar y denunciar los da\u00f1os que ha provocado EEUU en Venezuela al imponer un bloqueo econ\u00f3mico, comercial y financiero.<\/p>\n\n\n\n<p><strong>Prensa Presidencial \/ Ana\u00eds P\u00e9rez<\/strong><\/p>\n","protected":false},"excerpt":{"rendered":"<p>Palacio de Miraflores, Caracas. \u2013 El presidente la Rep\u00fablica Bolivariana de Venezuela, Nicol\u00e1s Maduro, entrega la tarde de este martes el Premio Nacional de Periodismo Sim\u00f3n Bol\u00edvar, en su 81\u00ba edici\u00f3n, desde el Sal\u00f3n Ayacucho del Palacio de Miraflores. Esta edici\u00f3n se realiza en homenaje al periodista e historiador Antonio \u00abChino\u00bb Manrique, quien cuenta con [&hellip;]<\/p>\n","protected":false},"author":6,"featured_media":5797,"comment_status":"open","ping_status":"open","sticky":false,"template":"","format":"standard","meta":{"footnotes":""},"categories":[18,7],"tags":[],"class_list":["post-5796","post","type-post","status-publish","format-standard","has-post-thumbnail","hentry","category-noticias-principales","category-notas-de-prensa"],"_links":{"self":[{"href":"https:\/\/prensapresidencialvenezuela.gob.ve\/index.php\/wp-json\/wp\/v2\/posts\/5796","targetHints":{"allow":["GET"]}}],"collection":[{"href":"https:\/\/prensapresidencialvenezuela.gob.ve\/index.php\/wp-json\/wp\/v2\/posts"}],"about":[{"href":"https:\/\/prensapresidencialvenezuela.gob.ve\/index.php\/wp-json\/wp\/v2\/types\/post"}],"author":[{"embeddable":true,"href":"https:\/\/prensapresidencialvenezuela.gob.ve\/index.php\/wp-json\/wp\/v2\/users\/6"}],"replies":[{"embeddable":true,"href":"https:\/\/prensapresidencialvenezuela.gob.ve\/index.php\/wp-json\/wp\/v2\/comments?post=5796"}],"version-history":[{"count":1,"href":"https:\/\/prensapresidencialvenezuela.gob.ve\/index.php\/wp-json\/wp\/v2\/posts\/5796\/revisions"}],"predecessor-version":[{"id":5798,"href":"https:\/\/prensapresidencialvenezuela.gob.ve\/index.php\/wp-json\/wp\/v2\/posts\/5796\/revisions\/5798"}],"wp:featuredmedia":[{"embeddable":true,"href":"https:\/\/prensapresidencialvenezuela.gob.ve\/index.php\/wp-json\/wp\/v2\/media\/5797"}],"wp:attachment":[{"href":"https:\/\/prensapresidencialvenezuela.gob.ve\/index.php\/wp-json\/wp\/v2\/media?parent=5796"}],"wp:term":[{"taxonomy":"category","embeddable":true,"href":"https:\/\/prensapresidencialvenezuela.gob.ve\/index.php\/wp-json\/wp\/v2\/categories?post=5796"},{"taxonomy":"post_tag","embeddable":true,"href":"https:\/\/prensapresidencialvenezuela.gob.ve\/index.php\/wp-json\/wp\/v2\/tags?post=5796"}],"curies":[{"name":"wp","href":"https:\/\/api.w.org\/{rel}","templated":true}]}}