{"id":5833,"date":"2023-07-03T14:00:00","date_gmt":"2023-07-03T14:00:00","guid":{"rendered":"http:\/\/172.27.0.121\/?p=5833"},"modified":"2023-07-05T14:00:54","modified_gmt":"2023-07-05T14:00:54","slug":"presidente-nicolas-maduro-se-une-al-pesar-por-la-perdida-del-piloto-paulino-millan","status":"publish","type":"post","link":"https:\/\/prensapresidencialvenezuela.gob.ve\/index.php\/2023\/07\/03\/presidente-nicolas-maduro-se-une-al-pesar-por-la-perdida-del-piloto-paulino-millan\/","title":{"rendered":"Presidente Nicol\u00e1s Maduro se une al pesar por la p\u00e9rdida del piloto Paulino Mill\u00e1n"},"content":{"rendered":"\n<p><strong>Palacio de Miraflores, Caracas.-&nbsp;<\/strong>Como un \u201cevento de profunda tristeza y consternaci\u00f3n\u201d, calific\u00f3 el presidente de la Rep\u00fablica, Nicol\u00e1s Maduro, el accidente de la aeronave Sukhoi 30 Mk2, ocurrido este domingo durante las pr\u00e1cticas para el desfile c\u00edvico-militar del 212\u00b0 aniversario de la Firma del Acta de la Independencia, que ocasion\u00f3 el deceso del coronel Paulino Jos\u00e9 Mill\u00e1n Sabino.<\/p>\n\n\n\n<p>\u201cQuiero reiterar mis palabras de solidaridad, acompa\u00f1amiento y condolencias a la familia militar, en especial a la familia de la Aviaci\u00f3n Militar Bolivariana, a la esposa y las tres hijas de Paulino Mill\u00e1n\u201d, expres\u00f3 al describir como \u201cun muchacho en\u00e9rgico\u201d a Mill\u00e1n Sabino, ascendido post morten al grado de General de Brigada.<\/p>\n\n\n\n<p>De acuerdo con investigaciones preliminares, el accidente del Sukhoi 30 Mk2, donde tambi\u00e9n resultara herido el teniente coronel Sergio Luis Hern\u00e1ndez G\u00f3mez, fue ocasionado por \u201cla ingesta de un ave por el motor derecho, lo cual gener\u00f3 fuego en el mismo\u201d<\/p>\n\n\n\n<p>\u201c(\u2026) Aun cuando los tripulantes aplicaron los procedimientos de emergencia correspondientes, cancelando la misi\u00f3n y dirigi\u00e9ndose a la base a\u00e9rea de origen, el fuego no se extingui\u00f3 y la aeronave se torn\u00f3 fuera de control por lo que los pilotes, aplicando el protocolo establecido, efectuaron la eyecci\u00f3n\u201d, reza un comunicado de la Ministerio del Poder Popular para la Defensa.<\/p>\n\n\n\n<p>Al respecto, el comandante de la Aviaci\u00f3n Militar Bolivariana, M\/G Santiago Infante, destac\u00f3 la valent\u00eda de Paulino Mill\u00e1n Sabino y Sergio Hern\u00e1ndez G\u00f3mez, quienes \u201ccon mucha destreza, aplomo y templanza supieron maniobrar conscientemente la aeronave que estaba en emergencia\u201d.<\/p>\n\n\n\n<p>La respectiva autopsia determin\u00f3 como causa de la muerte del coronel Paulino Jos\u00e9 Mill\u00e1n Sabino \u201cla asfixia mec\u00e1nica por comprensi\u00f3n extr\u00ednseca del cuello, posiblemente provocada por las mismas l\u00edneas del paraca\u00eddas\u201d.<\/p>\n\n\n\n<p>\u201cTenemos un pesar profundo por la p\u00e9rdida de un compa\u00f1ero que iba a ser ascendido como primero de su promoci\u00f3n (\u2026) Se perfilaba como uno de los oficiales l\u00edderes de la Fuerza Armada Nacional Bolivariana\u201d, agreg\u00f3 el ministro del Poder Popular para la Defensa, Vladimir Padrino L\u00f3pez, quien subray\u00f3 que \u201ceste dolor se convierte en acci\u00f3n, en combate\u201d para mantener la lucha en defensa del espacio a\u00e9reo venezolano frente a quienes pretenden irrumpir en el territorio con fines de narcotr\u00e1fico.<\/p>\n\n\n\n<p>Padrino L\u00f3pez consider\u00f3 como hombres y mujeres \u201carrojados, intr\u00e9pidos y con un alt\u00edsimo profesionalismo y sentido del honor militar\u201d a los integrantes de la Aviaci\u00f3n Militar Bolivariana, que ha inutilizado m\u00e1s de 350 aeronaves desde el a\u00f1o 2013.<\/p>\n\n\n\n<p><strong>Rechazo a campa\u00f1as medi\u00e1ticas<\/strong><\/p>\n\n\n\n<p>Durante la emisi\u00f3n del programa \u201cCon Maduro +\u201d, transmitido a trav\u00e9s de Venezolana de Televisi\u00f3n (VTV), el mandatario venezolano repudi\u00f3 a la \u201ccanalla medi\u00e1tica de la derecha extrema\u201d que, una vez conocido el accidente del Sukhoi 30 Mk2, inici\u00f3 una campa\u00f1a de \u201cmentiras, falsedades y manipulaciones\u201d contra la FANB, cuestionando incluso la formaci\u00f3n de los pilotos de la Aviaci\u00f3n Militar Bolivariana.<\/p>\n\n\n\n<p>\u201cSalgo en defensa de la Fuerza Armada Nacional Bolivariana, \u00a1Basta ya de odio y fascismo!\u201d, afirm\u00f3, al tiempo que se\u00f1al\u00f3 que los mensajes de odio son resultado de \u201claboratorios que est\u00e1n las 24 horas del d\u00eda\u201d.<\/p>\n\n\n\n<p>En este sentido, alert\u00f3 al pueblo venezolano a ser vigilantes del desarrollo de campa\u00f1as que, financiadas por el imperio norteamericano, pretenden \u201chacerle da\u00f1o al alma del venezolano\u201d.<\/p>\n\n\n\n<p><strong>Prensa Presidencial \/ Karelis Gonz\u00e1lez<\/strong><\/p>\n","protected":false},"excerpt":{"rendered":"<p>Palacio de Miraflores, Caracas.-&nbsp;Como un \u201cevento de profunda tristeza y consternaci\u00f3n\u201d, calific\u00f3 el presidente de la Rep\u00fablica, Nicol\u00e1s Maduro, el accidente de la aeronave Sukhoi 30 Mk2, ocurrido este domingo durante las pr\u00e1cticas para el desfile c\u00edvico-militar del 212\u00b0 aniversario de la Firma del Acta de la Independencia, que ocasion\u00f3 el deceso del coronel Paulino [&hellip;]<\/p>\n","protected":false},"author":6,"featured_media":5834,"comment_status":"open","ping_status":"open","sticky":false,"template":"","format":"standard","meta":{"footnotes":""},"categories":[18,7],"tags":[],"class_list":["post-5833","post","type-post","status-publish","format-standard","has-post-thumbnail","hentry","category-noticias-principales","category-notas-de-prensa"],"_links":{"self":[{"href":"https:\/\/prensapresidencialvenezuela.gob.ve\/index.php\/wp-json\/wp\/v2\/posts\/5833","targetHints":{"allow":["GET"]}}],"collection":[{"href":"https:\/\/prensapresidencialvenezuela.gob.ve\/index.php\/wp-json\/wp\/v2\/posts"}],"about":[{"href":"https:\/\/prensapresidencialvenezuela.gob.ve\/index.php\/wp-json\/wp\/v2\/types\/post"}],"author":[{"embeddable":true,"href":"https:\/\/prensapresidencialvenezuela.gob.ve\/index.php\/wp-json\/wp\/v2\/users\/6"}],"replies":[{"embeddable":true,"href":"https:\/\/prensapresidencialvenezuela.gob.ve\/index.php\/wp-json\/wp\/v2\/comments?post=5833"}],"version-history":[{"count":1,"href":"https:\/\/prensapresidencialvenezuela.gob.ve\/index.php\/wp-json\/wp\/v2\/posts\/5833\/revisions"}],"predecessor-version":[{"id":5835,"href":"https:\/\/prensapresidencialvenezuela.gob.ve\/index.php\/wp-json\/wp\/v2\/posts\/5833\/revisions\/5835"}],"wp:featuredmedia":[{"embeddable":true,"href":"https:\/\/prensapresidencialvenezuela.gob.ve\/index.php\/wp-json\/wp\/v2\/media\/5834"}],"wp:attachment":[{"href":"https:\/\/prensapresidencialvenezuela.gob.ve\/index.php\/wp-json\/wp\/v2\/media?parent=5833"}],"wp:term":[{"taxonomy":"category","embeddable":true,"href":"https:\/\/prensapresidencialvenezuela.gob.ve\/index.php\/wp-json\/wp\/v2\/categories?post=5833"},{"taxonomy":"post_tag","embeddable":true,"href":"https:\/\/prensapresidencialvenezuela.gob.ve\/index.php\/wp-json\/wp\/v2\/tags?post=5833"}],"curies":[{"name":"wp","href":"https:\/\/api.w.org\/{rel}","templated":true}]}}