{"id":5836,"date":"2023-07-03T14:01:00","date_gmt":"2023-07-03T14:01:00","guid":{"rendered":"http:\/\/172.27.0.121\/?p=5836"},"modified":"2023-07-05T14:02:26","modified_gmt":"2023-07-05T14:02:26","slug":"gobierno-nacional-reitera-disposicion-al-trabajo-conjunto-para-rescatar-la-ucv","status":"publish","type":"post","link":"https:\/\/prensapresidencialvenezuela.gob.ve\/index.php\/2023\/07\/03\/gobierno-nacional-reitera-disposicion-al-trabajo-conjunto-para-rescatar-la-ucv\/","title":{"rendered":"Gobierno Nacional reitera disposici\u00f3n al trabajo conjunto para rescatar la UCV"},"content":{"rendered":"\n<p><strong>Palacio de Miraflores, Caracas.-&nbsp;<\/strong>En una instrucci\u00f3n dirigida a la vicepresidenta Ejecutiva, Delcy Rodr\u00edguez, el presidente de la Rep\u00fablica, Nicol\u00e1s Maduro, llam\u00f3 a establecer mecanismos de coordinaci\u00f3n para profundizar la recuperaci\u00f3n integral de la Universidad Central de Venezuela (UCV) con el profesor V\u00edctor Rago, electo como nuevo rector de la casa de estudios.<\/p>\n\n\n\n<p>\u201cLe he dado orientaciones precisas a la Vicepresidenta de la Rep\u00fablica para que se re\u00fana con el rector V\u00edctor Rago y pasen revista de los planes hacia el futuro para recuperar del colapso y la postraci\u00f3n en la que ha dejado a la UCV\u201d, detall\u00f3 durante el programa \u201cCon Maduro +\u201d, transmitido a trav\u00e9s de Venezolana de Televisi\u00f3n (VTV).<\/p>\n\n\n\n<p>Al extender sus felicitaciones al antrop\u00f3logo V\u00edctor Rago, quien alcanz\u00f3 la mayor\u00eda de votos en la segunda vuelta de las elecciones realizadas el 30 de junio, se\u00f1al\u00f3 que \u201chay un gran trabajo por hacer\u201d pese a que se registran avances significativos en el proceso que denomin\u00f3 como \u201crenacimiento de la UCV\u201d, acci\u00f3n reconocida por la Organizaci\u00f3n de las Naciones Unidas para la Educaci\u00f3n, la Ciencia y la Cultura (UNESCO) en materia de rehabilitaci\u00f3n del Patrimonio de la Humanidad.<\/p>\n\n\n\n<p>\u201cQuiero felicitar al rector electo de la UCV, V\u00edctor Rago, despu\u00e9s de una dictadura de 16 a\u00f1os que neg\u00f3 la posibilidad de elegir nuevos equipos rectorales (\u2026) Queremos completar toda la labor de recuperar la UCV, hemos recuperado el Hospital Universitario de Caracas\u201d, precis\u00f3.<\/p>\n\n\n\n<p>El mandatario venezolano recalc\u00f3 que, aun cuando \u201clas sanciones, del bloqueo, de la guerra econ\u00f3mica imperial\u201d contin\u00faan afectando la econom\u00eda venezolana, el Gobierno Nacional mantiene su compromiso de \u201cayudar para la recuperaci\u00f3n de la UCV\u201d.<\/p>\n\n\n\n<p>En el proceso electoral que deriv\u00f3 en la victoria del profesor V\u00edctor Rego, tambi\u00e9n resultaron electos como vicerrectora acad\u00e9mica, F\u00e1tima Garc\u00e9s; vicerrector administrativo, Jos\u00e9 Balbino Le\u00f3n; secretaria, Corina Aristimu\u00f1o; decana de la Facultad de Agronom\u00eda, Aida Ortiz; decano de la Facultad de Ciencias Econ\u00f3micas y Sociales (FACES), Luis Angarita; y como decano de la Facultad de Ciencias Jur\u00eddicas y Pol\u00edticas, Juan Apitz.<\/p>\n\n\n\n<p><strong>Prensa Presidencial \/ Karelis Gonz\u00e1lez<\/strong><\/p>\n","protected":false},"excerpt":{"rendered":"<p>Palacio de Miraflores, Caracas.-&nbsp;En una instrucci\u00f3n dirigida a la vicepresidenta Ejecutiva, Delcy Rodr\u00edguez, el presidente de la Rep\u00fablica, Nicol\u00e1s Maduro, llam\u00f3 a establecer mecanismos de coordinaci\u00f3n para profundizar la recuperaci\u00f3n integral de la Universidad Central de Venezuela (UCV) con el profesor V\u00edctor Rago, electo como nuevo rector de la casa de estudios. \u201cLe he dado [&hellip;]<\/p>\n","protected":false},"author":6,"featured_media":5837,"comment_status":"open","ping_status":"open","sticky":false,"template":"","format":"standard","meta":{"footnotes":""},"categories":[18,7],"tags":[],"class_list":["post-5836","post","type-post","status-publish","format-standard","has-post-thumbnail","hentry","category-noticias-principales","category-notas-de-prensa"],"_links":{"self":[{"href":"https:\/\/prensapresidencialvenezuela.gob.ve\/index.php\/wp-json\/wp\/v2\/posts\/5836","targetHints":{"allow":["GET"]}}],"collection":[{"href":"https:\/\/prensapresidencialvenezuela.gob.ve\/index.php\/wp-json\/wp\/v2\/posts"}],"about":[{"href":"https:\/\/prensapresidencialvenezuela.gob.ve\/index.php\/wp-json\/wp\/v2\/types\/post"}],"author":[{"embeddable":true,"href":"https:\/\/prensapresidencialvenezuela.gob.ve\/index.php\/wp-json\/wp\/v2\/users\/6"}],"replies":[{"embeddable":true,"href":"https:\/\/prensapresidencialvenezuela.gob.ve\/index.php\/wp-json\/wp\/v2\/comments?post=5836"}],"version-history":[{"count":1,"href":"https:\/\/prensapresidencialvenezuela.gob.ve\/index.php\/wp-json\/wp\/v2\/posts\/5836\/revisions"}],"predecessor-version":[{"id":5838,"href":"https:\/\/prensapresidencialvenezuela.gob.ve\/index.php\/wp-json\/wp\/v2\/posts\/5836\/revisions\/5838"}],"wp:featuredmedia":[{"embeddable":true,"href":"https:\/\/prensapresidencialvenezuela.gob.ve\/index.php\/wp-json\/wp\/v2\/media\/5837"}],"wp:attachment":[{"href":"https:\/\/prensapresidencialvenezuela.gob.ve\/index.php\/wp-json\/wp\/v2\/media?parent=5836"}],"wp:term":[{"taxonomy":"category","embeddable":true,"href":"https:\/\/prensapresidencialvenezuela.gob.ve\/index.php\/wp-json\/wp\/v2\/categories?post=5836"},{"taxonomy":"post_tag","embeddable":true,"href":"https:\/\/prensapresidencialvenezuela.gob.ve\/index.php\/wp-json\/wp\/v2\/tags?post=5836"}],"curies":[{"name":"wp","href":"https:\/\/api.w.org\/{rel}","templated":true}]}}