{"id":5842,"date":"2023-07-03T14:09:00","date_gmt":"2023-07-03T14:09:00","guid":{"rendered":"http:\/\/172.27.0.121\/?p=5842"},"modified":"2023-07-05T14:09:56","modified_gmt":"2023-07-05T14:09:56","slug":"desalojados-cerca-de-2-mil-mineros-ilegales-de-amazonas","status":"publish","type":"post","link":"https:\/\/prensapresidencialvenezuela.gob.ve\/index.php\/2023\/07\/03\/desalojados-cerca-de-2-mil-mineros-ilegales-de-amazonas\/","title":{"rendered":"Desalojados cerca de 2 mil mineros ilegales de Amazonas"},"content":{"rendered":"\n<p><strong>Palacio de Miraflores, Caracas.-&nbsp;<\/strong>Alrededor de 2 mil mineros ilegales han sido desalojados del Parque Nacional Yapacana, ubicado en el estado Amazonas, en el contexto de la Operaci\u00f3n Autana 2023.<\/p>\n\n\n\n<p>\u201cLa FANB como un todo en la defensa del Amazonas, de los parques nacionales. \u00bfSaben cu\u00e1ntos mineros ilegales hay en esa zona? M\u00e1s de 10 mil, ya hemos desalojado a casi 2 mil\u201d, detall\u00f3 el presidente de la Rep\u00fablica, Nicol\u00e1s Maduro, durante la emisi\u00f3n del programa \u201cCon Maduro +\u201d, transmitido a trav\u00e9s de Venezolana de Televisi\u00f3n (VTV).<\/p>\n\n\n\n<p>Explic\u00f3 que los mineros ilegales \u201cestablecieron una comarca y han destruido toda la zona\u201d en un acto, a su juicio, repudiable, por tanto genera da\u00f1os significativos al ecosistema.<\/p>\n\n\n\n<p>\u201cNuestra Fuerza Armada Nacional Bolivariana est\u00e1 haciendo presencia en el territorio, liberando el Amazonas venezolano, liberando los parques nacionales del sur de Venezuela y poniendo orden, estableciendo el orden necesario\u201d, enfatiz\u00f3, al tiempo que recalc\u00f3 que \u201ciremos a fondo, a profundidad\u201d en la defensa del Amazonas.<\/p>\n\n\n\n<p>Previamente, mediante su cuenta en la red social Twitter, @dhernandezlarez, el comandante estrat\u00e9gico operacional de la FANB, G\/J Domingo Hern\u00e1ndez L\u00e1rez, precis\u00f3 que est\u00e1 garantizada \u201cuna ruta segura de evacuaci\u00f3n humana para el desalojo inmediato y voluntario de todos los habitantes ilegales del Parque Nacional Yapacana, con el respeto debido a los derechos humanos, por el respeto que debemos a la naturaleza y al ambiente, de acuerdo al mandato constitucional y al ordenamiento territorial\u201d.<\/p>\n\n\n\n<p>A mediados del mes de junio, el mandatario venezolano orden\u00f3 al Comando Estrat\u00e9gico Operacional de la Fuerza Armada Nacional Bolivariana (CEOFANB) intensificar los esfuerzos para erradicar la miner\u00eda ilegal en los parques nacionales y la Amazon\u00eda.<\/p>\n\n\n\n<p>\u201cEstamos dando una batalla por la defensa de la Amazon\u00eda profunda, por la defensa de los parques nacionales (\u2026) La Fuerza Armada Nacional Bolivariana est\u00e1 dando una batalla, miles de soldados y oficiales de nuestra Fuerza Armada Nacional Bolivariana est\u00e1n dedicando d\u00edas y noches enteras\u201d, puntualiz\u00f3 el pasado 19 de junio.<\/p>\n\n\n\n<p><strong>Prensa Presidencial \/ Karelis Gonz\u00e1lez<\/strong><a rel=\"noreferrer noopener\" href=\"http:\/\/compose.mail.yahoo.com\/?body=http:\/\/www.minci.gob.ve\/desalojados-cerca-de-2-mil-mineros-ilegales-de-amazonas\/\" target=\"_blank\"><\/a><\/p>\n","protected":false},"excerpt":{"rendered":"<p>Palacio de Miraflores, Caracas.-&nbsp;Alrededor de 2 mil mineros ilegales han sido desalojados del Parque Nacional Yapacana, ubicado en el estado Amazonas, en el contexto de la Operaci\u00f3n Autana 2023. \u201cLa FANB como un todo en la defensa del Amazonas, de los parques nacionales. \u00bfSaben cu\u00e1ntos mineros ilegales hay en esa zona? M\u00e1s de 10 mil, [&hellip;]<\/p>\n","protected":false},"author":6,"featured_media":5843,"comment_status":"open","ping_status":"open","sticky":false,"template":"","format":"standard","meta":{"footnotes":""},"categories":[18,7],"tags":[],"class_list":["post-5842","post","type-post","status-publish","format-standard","has-post-thumbnail","hentry","category-noticias-principales","category-notas-de-prensa"],"_links":{"self":[{"href":"https:\/\/prensapresidencialvenezuela.gob.ve\/index.php\/wp-json\/wp\/v2\/posts\/5842","targetHints":{"allow":["GET"]}}],"collection":[{"href":"https:\/\/prensapresidencialvenezuela.gob.ve\/index.php\/wp-json\/wp\/v2\/posts"}],"about":[{"href":"https:\/\/prensapresidencialvenezuela.gob.ve\/index.php\/wp-json\/wp\/v2\/types\/post"}],"author":[{"embeddable":true,"href":"https:\/\/prensapresidencialvenezuela.gob.ve\/index.php\/wp-json\/wp\/v2\/users\/6"}],"replies":[{"embeddable":true,"href":"https:\/\/prensapresidencialvenezuela.gob.ve\/index.php\/wp-json\/wp\/v2\/comments?post=5842"}],"version-history":[{"count":1,"href":"https:\/\/prensapresidencialvenezuela.gob.ve\/index.php\/wp-json\/wp\/v2\/posts\/5842\/revisions"}],"predecessor-version":[{"id":5844,"href":"https:\/\/prensapresidencialvenezuela.gob.ve\/index.php\/wp-json\/wp\/v2\/posts\/5842\/revisions\/5844"}],"wp:featuredmedia":[{"embeddable":true,"href":"https:\/\/prensapresidencialvenezuela.gob.ve\/index.php\/wp-json\/wp\/v2\/media\/5843"}],"wp:attachment":[{"href":"https:\/\/prensapresidencialvenezuela.gob.ve\/index.php\/wp-json\/wp\/v2\/media?parent=5842"}],"wp:term":[{"taxonomy":"category","embeddable":true,"href":"https:\/\/prensapresidencialvenezuela.gob.ve\/index.php\/wp-json\/wp\/v2\/categories?post=5842"},{"taxonomy":"post_tag","embeddable":true,"href":"https:\/\/prensapresidencialvenezuela.gob.ve\/index.php\/wp-json\/wp\/v2\/tags?post=5842"}],"curies":[{"name":"wp","href":"https:\/\/api.w.org\/{rel}","templated":true}]}}