{"id":5860,"date":"2023-07-04T14:22:00","date_gmt":"2023-07-04T14:22:00","guid":{"rendered":"http:\/\/172.27.0.121\/?p=5860"},"modified":"2023-07-05T14:25:03","modified_gmt":"2023-07-05T14:25:03","slug":"presidente-maduro-nuestra-fanb-esta-formada-con-ideales-bolivarianos","status":"publish","type":"post","link":"https:\/\/prensapresidencialvenezuela.gob.ve\/index.php\/2023\/07\/04\/presidente-maduro-nuestra-fanb-esta-formada-con-ideales-bolivarianos\/","title":{"rendered":"Presidente Maduro: Nuestra FANB est\u00e1 formada con ideales bolivarianos\u00a0\u00a0"},"content":{"rendered":"\n<p><strong>Pante\u00f3n Nacional, Caracas.-&nbsp;<\/strong>Al destacar el car\u00e1cter bolivariano y rebelde de la Fuerza Armada Nacional Bolivariana (FANB), el presidente dela Rep\u00fablica, Nicol\u00e1s Maduro Moros, enfatiz\u00f3 que este componente militar es \u201cprofundamente nacionalista, independentista, libertario, rebelde, bolivariano y m\u00e1s que nunca profundamente chavista\u201d.<\/p>\n\n\n\n<p>Desde el Mausoleo del Libertador, ubicado en Caracas, durante el acto de ascenso de generales y almirantes y personal militar de la FANB, el Dignatario nacional resalt\u00f3 el compromiso, uni\u00f3n y cohesi\u00f3n de una fuerza armada \u201cque se va forjando en la nueva doctrina nacional militar y en el nuevo concepto estrat\u00e9gico que necesita el pa\u00eds\u201d.<\/p>\n\n\n\n<p>En este sentido, subray\u00f3 que la FANB se encuentra desplegada por todo el territorio nacional en operaciones militares para defender el derecho a la seguridad del pueblo venezolano ante el narcotr\u00e1fico y la miner\u00eda ilegal.<\/p>\n\n\n\n<p>\u201cUna Fuerza Armada Nacional Bolivariana para defender la paz de nuestro pa\u00eds, cada vez m\u00e1s admirada por nuestro pueblo, es tambi\u00e9n un ejemplo para los ej\u00e9rcitos y las fuerzas militares de Am\u00e9rica latina y del Caribe\u201d.<\/p>\n\n\n\n<p>Al respecto, exalt\u00f3 la formaci\u00f3n de los cuerpos castrenses basada en los ideales de los libertadores de Venezuela y que rechazan pretensiones imperialistas y doctrinas extranjeras.<\/p>\n\n\n\n<p>\u201cEs una fuerza que asume su car\u00e1cter bolivariano en el siglo XXI (\u2026) una fuerza absolutamente independiente de mandos extranjeros, imperialistas, de doctrinas extranjeras (\u2026) los planes de nuestra armada nacional bolivariana y la preparaci\u00f3n de nuestros oficiales son netamente venezolanos, de nuestro hacer, de nuestras manos, de nuestra mente, nuestra inteligencia, de nuestra historia\u201d, concluy\u00f3.<\/p>\n\n\n\n<p><strong>Prensa Presidencial \/ Joelin Jim\u00e9nez<\/strong><\/p>\n","protected":false},"excerpt":{"rendered":"<p>Pante\u00f3n Nacional, Caracas.-&nbsp;Al destacar el car\u00e1cter bolivariano y rebelde de la Fuerza Armada Nacional Bolivariana (FANB), el presidente dela Rep\u00fablica, Nicol\u00e1s Maduro Moros, enfatiz\u00f3 que este componente militar es \u201cprofundamente nacionalista, independentista, libertario, rebelde, bolivariano y m\u00e1s que nunca profundamente chavista\u201d. Desde el Mausoleo del Libertador, ubicado en Caracas, durante el acto de ascenso de [&hellip;]<\/p>\n","protected":false},"author":6,"featured_media":5861,"comment_status":"open","ping_status":"open","sticky":false,"template":"","format":"standard","meta":{"footnotes":""},"categories":[18,7],"tags":[],"class_list":["post-5860","post","type-post","status-publish","format-standard","has-post-thumbnail","hentry","category-noticias-principales","category-notas-de-prensa"],"_links":{"self":[{"href":"https:\/\/prensapresidencialvenezuela.gob.ve\/index.php\/wp-json\/wp\/v2\/posts\/5860","targetHints":{"allow":["GET"]}}],"collection":[{"href":"https:\/\/prensapresidencialvenezuela.gob.ve\/index.php\/wp-json\/wp\/v2\/posts"}],"about":[{"href":"https:\/\/prensapresidencialvenezuela.gob.ve\/index.php\/wp-json\/wp\/v2\/types\/post"}],"author":[{"embeddable":true,"href":"https:\/\/prensapresidencialvenezuela.gob.ve\/index.php\/wp-json\/wp\/v2\/users\/6"}],"replies":[{"embeddable":true,"href":"https:\/\/prensapresidencialvenezuela.gob.ve\/index.php\/wp-json\/wp\/v2\/comments?post=5860"}],"version-history":[{"count":1,"href":"https:\/\/prensapresidencialvenezuela.gob.ve\/index.php\/wp-json\/wp\/v2\/posts\/5860\/revisions"}],"predecessor-version":[{"id":5862,"href":"https:\/\/prensapresidencialvenezuela.gob.ve\/index.php\/wp-json\/wp\/v2\/posts\/5860\/revisions\/5862"}],"wp:featuredmedia":[{"embeddable":true,"href":"https:\/\/prensapresidencialvenezuela.gob.ve\/index.php\/wp-json\/wp\/v2\/media\/5861"}],"wp:attachment":[{"href":"https:\/\/prensapresidencialvenezuela.gob.ve\/index.php\/wp-json\/wp\/v2\/media?parent=5860"}],"wp:term":[{"taxonomy":"category","embeddable":true,"href":"https:\/\/prensapresidencialvenezuela.gob.ve\/index.php\/wp-json\/wp\/v2\/categories?post=5860"},{"taxonomy":"post_tag","embeddable":true,"href":"https:\/\/prensapresidencialvenezuela.gob.ve\/index.php\/wp-json\/wp\/v2\/tags?post=5860"}],"curies":[{"name":"wp","href":"https:\/\/api.w.org\/{rel}","templated":true}]}}