{"id":5869,"date":"2023-07-05T14:57:50","date_gmt":"2023-07-05T14:57:50","guid":{"rendered":"http:\/\/172.27.0.121\/?p=5869"},"modified":"2023-07-05T14:57:50","modified_gmt":"2023-07-05T14:57:50","slug":"5-de-julio-de-1811-venezuela-se-consagra-como-nacion-libre-y-soberana","status":"publish","type":"post","link":"https:\/\/prensapresidencialvenezuela.gob.ve\/index.php\/2023\/07\/05\/5-de-julio-de-1811-venezuela-se-consagra-como-nacion-libre-y-soberana\/","title":{"rendered":"5 de julio de 1811, Venezuela se consagra como naci\u00f3n libre y soberana"},"content":{"rendered":"\n<p>El 5 de julio de 1811 comenz\u00f3 el largo transitar de nuestra lucha independentista hacia la libertad, antecedido por el 19 de abril de 1810, cuando 7 de las 10 provincias de la llamada Capitan\u00eda General de Venezuela, bajo el yugo del imperio espa\u00f1ol, deciden rebelarse contra esa monarqu\u00eda, firmando un acta de declaraci\u00f3n de Independencia.<\/p>\n\n\n\n<p>Descargue:<\/p>\n\n\n\n<div data-wp-interactive=\"core\/file\" class=\"wp-block-file\"><object data-wp-bind--hidden=\"!state.hasPdfPreview\" hidden class=\"wp-block-file__embed\" data=\"https:\/\/prensapresidencialvenezuela.gob.ve\/wp-content\/uploads\/2023\/07\/FOLLETO-5-DE-JULIO-2.pdf\" type=\"application\/pdf\" style=\"width:100%;height:600px\" aria-label=\"Incrustado de Incrustado de 5 de julio de 1811, Venezuela se consagra como naci\u00f3n libre y soberana..\"><\/object><a id=\"wp-block-file--media-9339ad53-5a40-42bb-b94d-1b3b5caa9c1a\" href=\"https:\/\/prensapresidencialvenezuela.gob.ve\/wp-content\/uploads\/2023\/07\/FOLLETO-5-DE-JULIO-2.pdf\">5 de julio de 1811, Venezuela se consagra como naci\u00f3n libre y soberana<\/a><a href=\"https:\/\/prensapresidencialvenezuela.gob.ve\/wp-content\/uploads\/2023\/07\/FOLLETO-5-DE-JULIO-2.pdf\" class=\"wp-block-file__button\" download aria-describedby=\"wp-block-file--media-9339ad53-5a40-42bb-b94d-1b3b5caa9c1a\">Descarga<\/a><\/div>\n\n\n\n<p><\/p>\n","protected":false},"excerpt":{"rendered":"<p>El 5 de julio de 1811 comenz\u00f3 el largo transitar de nuestra lucha independentista hacia la libertad, antecedido por el 19 de abril de 1810, cuando 7 de las 10 provincias de la llamada Capitan\u00eda General de Venezuela, bajo el yugo del imperio espa\u00f1ol, deciden rebelarse contra esa monarqu\u00eda, firmando un acta de declaraci\u00f3n de [&hellip;]<\/p>\n","protected":false},"author":6,"featured_media":5871,"comment_status":"open","ping_status":"open","sticky":false,"template":"","format":"standard","meta":{"footnotes":""},"categories":[18,10],"tags":[],"class_list":["post-5869","post","type-post","status-publish","format-standard","has-post-thumbnail","hentry","category-noticias-principales","category-especiales"],"_links":{"self":[{"href":"https:\/\/prensapresidencialvenezuela.gob.ve\/index.php\/wp-json\/wp\/v2\/posts\/5869","targetHints":{"allow":["GET"]}}],"collection":[{"href":"https:\/\/prensapresidencialvenezuela.gob.ve\/index.php\/wp-json\/wp\/v2\/posts"}],"about":[{"href":"https:\/\/prensapresidencialvenezuela.gob.ve\/index.php\/wp-json\/wp\/v2\/types\/post"}],"author":[{"embeddable":true,"href":"https:\/\/prensapresidencialvenezuela.gob.ve\/index.php\/wp-json\/wp\/v2\/users\/6"}],"replies":[{"embeddable":true,"href":"https:\/\/prensapresidencialvenezuela.gob.ve\/index.php\/wp-json\/wp\/v2\/comments?post=5869"}],"version-history":[{"count":1,"href":"https:\/\/prensapresidencialvenezuela.gob.ve\/index.php\/wp-json\/wp\/v2\/posts\/5869\/revisions"}],"predecessor-version":[{"id":5872,"href":"https:\/\/prensapresidencialvenezuela.gob.ve\/index.php\/wp-json\/wp\/v2\/posts\/5869\/revisions\/5872"}],"wp:featuredmedia":[{"embeddable":true,"href":"https:\/\/prensapresidencialvenezuela.gob.ve\/index.php\/wp-json\/wp\/v2\/media\/5871"}],"wp:attachment":[{"href":"https:\/\/prensapresidencialvenezuela.gob.ve\/index.php\/wp-json\/wp\/v2\/media?parent=5869"}],"wp:term":[{"taxonomy":"category","embeddable":true,"href":"https:\/\/prensapresidencialvenezuela.gob.ve\/index.php\/wp-json\/wp\/v2\/categories?post=5869"},{"taxonomy":"post_tag","embeddable":true,"href":"https:\/\/prensapresidencialvenezuela.gob.ve\/index.php\/wp-json\/wp\/v2\/tags?post=5869"}],"curies":[{"name":"wp","href":"https:\/\/api.w.org\/{rel}","templated":true}]}}