{"id":5882,"date":"2023-07-05T19:39:15","date_gmt":"2023-07-05T19:39:15","guid":{"rendered":"http:\/\/172.27.0.121\/?p=5882"},"modified":"2023-07-05T19:39:15","modified_gmt":"2023-07-05T19:39:15","slug":"venezuela-reafirma-su-caracter-soberano-a-212-anos-del-dia-de-la-declaracion-de-la-independencia","status":"publish","type":"post","link":"https:\/\/prensapresidencialvenezuela.gob.ve\/index.php\/2023\/07\/05\/venezuela-reafirma-su-caracter-soberano-a-212-anos-del-dia-de-la-declaracion-de-la-independencia\/","title":{"rendered":"Venezuela reafirma su car\u00e1cter soberano a 212 a\u00f1os del D\u00eda de la Declaraci\u00f3n de la Independencia"},"content":{"rendered":"\n<p><strong>Patio de la Academia Militar Bolivariana, Caracas.-<\/strong> En el contexto de la conmemoraci\u00f3n del 212\u00b0 aniversario de la firma del Acta de Independencia, d\u00eda de la Fuerza Armada Nacional Bolivariana (FANB) y D\u00eda del soldado venezolano,&nbsp; escenificado en el Patio de la Academia Militar Bolivariana, ubicado en Caracas, el presidente Nicol\u00e1s Maduro afirm\u00f3 que Venezuela es y seguir\u00e1 siendo una Patria libre y soberana, sin depender de ning\u00fan&nbsp; imperio del mundo.<\/p>\n\n\n\n<p>El presidente Nicol\u00e1s Maduro exalt\u00f3 la labor de nuestros pr\u00f3ceres, quienes dejaron un legado hist\u00f3rico para que Venezuela siga, en pleno siglo XXI, defendiendo la Patria y la libertad. \u201cA 212 a\u00f1os&nbsp; del D\u00eda de la Declaraci\u00f3n de la Independencia,&nbsp; estamos de pie, con dignidad sin arrodillarnos a ning\u00fan imperio del mundo (&#8230;) Somos un pueblo libre, soberano, republicano e independiente\u201d, puntualiz\u00f3.<\/p>\n\n\n\n<p>En sus palabras, resalt\u00f3 el rol protag\u00f3nico de la uni\u00f3n c\u00edvico-militar en el afianzamiento de la Rep\u00fablica libre, argumentando que hoy existe una correcta fusi\u00f3n como en aquellos tiempos de independencia, donde los padres fundadores dieron el paso definitivo para decir con valent\u00eda y honor para decir: \u201c\u00a1Aqu\u00ed estamos!\u201d, declarando as\u00ed solemnemente -a trav\u00e9s de las provincias unidas- que Venezuela es libre.<\/p>\n\n\n\n<p>El jefe de Estado afirm\u00f3 que nuestra historia es una historia viva que palpita en nuestra conciencia, al tiempo que recalc\u00f3 que toda esa historia corre por nuestra sangre y llena a nuestra Fuerza Armada Nacional Bolivariana de orgullo y valor para liberar las batallas del siglo XXI.<\/p>\n\n\n\n<p>\u201cLa independencia perpetua la estamos forjando con&nbsp; esfuerzo, con honor, con patriotismo y con mucho amor nacional\u201d, subray\u00f3 en una ratificaci\u00f3n del compromiso con la defensa de la paz y la tolerancia en un tiempo hist\u00f3rico donde&nbsp;declaramos ante cualquier imperio del mundo que&nbsp; la Rep\u00fablica Bolivariana de Venezuela es libre e independiente y no ser\u00e1 nunca sumisa ni colonia de nadie.<\/p>\n\n\n\n<p>Finaliz\u00f3 exhortando a nuestra Patria, a&nbsp; sus militares y al pueblo de Venezuela para que contin\u00faen a paso de vencedores. \u201c\u00a1Qu\u00e9 viva nuestra Fuerza Armada Nacional Bolivariana!, \u00a1Qu\u00e9 viva la uni\u00f3n c\u00edvico-militar!, \u00a1Qu\u00e9 viva&nbsp; Bol\u00edvar!,&nbsp; \u00a1Qu\u00e9 viva Ch\u00e1vez!\u201d.<\/p>\n\n\n\n<p><strong>Prensa Presidencial \/ Orlando Ruiz<\/strong><\/p>\n","protected":false},"excerpt":{"rendered":"<p>Patio de la Academia Militar Bolivariana, Caracas.- En el contexto de la conmemoraci\u00f3n del 212\u00b0 aniversario de la firma del Acta de Independencia, d\u00eda de la Fuerza Armada Nacional Bolivariana (FANB) y D\u00eda del soldado venezolano,&nbsp; escenificado en el Patio de la Academia Militar Bolivariana, ubicado en Caracas, el presidente Nicol\u00e1s Maduro afirm\u00f3 que Venezuela [&hellip;]<\/p>\n","protected":false},"author":6,"featured_media":5883,"comment_status":"open","ping_status":"open","sticky":false,"template":"","format":"standard","meta":{"footnotes":""},"categories":[18,7],"tags":[],"class_list":["post-5882","post","type-post","status-publish","format-standard","has-post-thumbnail","hentry","category-noticias-principales","category-notas-de-prensa"],"_links":{"self":[{"href":"https:\/\/prensapresidencialvenezuela.gob.ve\/index.php\/wp-json\/wp\/v2\/posts\/5882","targetHints":{"allow":["GET"]}}],"collection":[{"href":"https:\/\/prensapresidencialvenezuela.gob.ve\/index.php\/wp-json\/wp\/v2\/posts"}],"about":[{"href":"https:\/\/prensapresidencialvenezuela.gob.ve\/index.php\/wp-json\/wp\/v2\/types\/post"}],"author":[{"embeddable":true,"href":"https:\/\/prensapresidencialvenezuela.gob.ve\/index.php\/wp-json\/wp\/v2\/users\/6"}],"replies":[{"embeddable":true,"href":"https:\/\/prensapresidencialvenezuela.gob.ve\/index.php\/wp-json\/wp\/v2\/comments?post=5882"}],"version-history":[{"count":1,"href":"https:\/\/prensapresidencialvenezuela.gob.ve\/index.php\/wp-json\/wp\/v2\/posts\/5882\/revisions"}],"predecessor-version":[{"id":5884,"href":"https:\/\/prensapresidencialvenezuela.gob.ve\/index.php\/wp-json\/wp\/v2\/posts\/5882\/revisions\/5884"}],"wp:featuredmedia":[{"embeddable":true,"href":"https:\/\/prensapresidencialvenezuela.gob.ve\/index.php\/wp-json\/wp\/v2\/media\/5883"}],"wp:attachment":[{"href":"https:\/\/prensapresidencialvenezuela.gob.ve\/index.php\/wp-json\/wp\/v2\/media?parent=5882"}],"wp:term":[{"taxonomy":"category","embeddable":true,"href":"https:\/\/prensapresidencialvenezuela.gob.ve\/index.php\/wp-json\/wp\/v2\/categories?post=5882"},{"taxonomy":"post_tag","embeddable":true,"href":"https:\/\/prensapresidencialvenezuela.gob.ve\/index.php\/wp-json\/wp\/v2\/tags?post=5882"}],"curies":[{"name":"wp","href":"https:\/\/api.w.org\/{rel}","templated":true}]}}