{"id":5908,"date":"2023-07-08T23:19:32","date_gmt":"2023-07-08T23:19:32","guid":{"rendered":"http:\/\/172.27.0.121\/?p=5908"},"modified":"2023-07-08T23:19:32","modified_gmt":"2023-07-08T23:19:32","slug":"barbados-se-apega-al-principio-de-no-injerencia-y-plantea-levantamiento-de-sanciones-contra-venezuela","status":"publish","type":"post","link":"https:\/\/prensapresidencialvenezuela.gob.ve\/index.php\/2023\/07\/08\/barbados-se-apega-al-principio-de-no-injerencia-y-plantea-levantamiento-de-sanciones-contra-venezuela\/","title":{"rendered":"Barbados se apega al principio de no injerencia y plantea levantamiento de sanciones contra Venezuela"},"content":{"rendered":"\n<p><strong>Palacio de Miraflores, Caracas. \u2013<\/strong> La primera ministra de Barbados, Mia Mottley, ratific\u00f3 el apego de la naci\u00f3n caribe\u00f1a al principio de la injerencia establecido en la Carta de Naciones Unidas, a la vez que plante\u00f3 la imperiosa necesidad de que sean levantadas las ilegales sanciones contra pa\u00edses como Venezuela y Cuba.<\/p>\n\n\n\n<p>Luego de sellar una declaraci\u00f3n conjunta con el jefe de Estado venezolano, Nicol\u00e1s Maduro, y de ser rubricados dos acuerdos de cooperaci\u00f3n en el Palacio de Miraflores, ubicado en Caracas, Mottley afirm\u00f3 que se deben crear oportunidades \u201cpara los negocios y comercio, para lo cual es necesario que se retiren las sanciones y el bloqueo contra Cuba y Venezuela\u201d.<\/p>\n\n\n\n<p>Las sanciones y el bloqueo \u201csolo sirven para desestabilizar la civilizaci\u00f3n caribe\u00f1a\u201d, argument\u00f3 la primera ministra de Barbados.<\/p>\n\n\n\n<p>Por otro lado, indic\u00f3 que la declaraci\u00f3n firmada este s\u00e1bado \u201crevela nuestra necesidad absoluta como miembros del hemisferio de trabajar juntos sobre las distintas crisis que ya se han anunciado, en especial, la inseguridad alimenticia y de agua. En temas que afectan a la poblaci\u00f3n, para que no sean v\u00edctimas de la divisi\u00f3n digital\u201d.<\/p>\n\n\n\n<p>Enfatiz\u00f3: \u201cLo \u00faltimo que requerimos hoy es que haya inestabilidad\u201d, dijo al aludir a la Carta de Naciones Unidas que se sustenta en el principio de la no injerencia (\u2026) Nosotros apoyamos ese principio\u201d.<\/p>\n\n\n\n<p>La declaraci\u00f3n conjunta entre el presidente de la Rep\u00fablica Bolivariana de Venezuela, Nicol\u00e1s Maduro, y la primera ministra de Barbados, Mia Mottley, tiene como finalidad establecer un compromiso formal para continuar el trabajo conjunto en diversas \u00e1reas de cooperaci\u00f3n que reafirmen los lazos de solidaridad, hermandad y cooperaci\u00f3n para el mayor beneficio de ambos pueblos.<\/p>\n\n\n\n<p><strong>Prensa Presidencial \/ Ana\u00eds P\u00e9rez<\/strong><\/p>\n","protected":false},"excerpt":{"rendered":"<p>Palacio de Miraflores, Caracas. \u2013 La primera ministra de Barbados, Mia Mottley, ratific\u00f3 el apego de la naci\u00f3n caribe\u00f1a al principio de la injerencia establecido en la Carta de Naciones Unidas, a la vez que plante\u00f3 la imperiosa necesidad de que sean levantadas las ilegales sanciones contra pa\u00edses como Venezuela y Cuba. Luego de sellar [&hellip;]<\/p>\n","protected":false},"author":6,"featured_media":5909,"comment_status":"open","ping_status":"open","sticky":false,"template":"","format":"standard","meta":{"footnotes":""},"categories":[18,7],"tags":[],"class_list":["post-5908","post","type-post","status-publish","format-standard","has-post-thumbnail","hentry","category-noticias-principales","category-notas-de-prensa"],"_links":{"self":[{"href":"https:\/\/prensapresidencialvenezuela.gob.ve\/index.php\/wp-json\/wp\/v2\/posts\/5908","targetHints":{"allow":["GET"]}}],"collection":[{"href":"https:\/\/prensapresidencialvenezuela.gob.ve\/index.php\/wp-json\/wp\/v2\/posts"}],"about":[{"href":"https:\/\/prensapresidencialvenezuela.gob.ve\/index.php\/wp-json\/wp\/v2\/types\/post"}],"author":[{"embeddable":true,"href":"https:\/\/prensapresidencialvenezuela.gob.ve\/index.php\/wp-json\/wp\/v2\/users\/6"}],"replies":[{"embeddable":true,"href":"https:\/\/prensapresidencialvenezuela.gob.ve\/index.php\/wp-json\/wp\/v2\/comments?post=5908"}],"version-history":[{"count":1,"href":"https:\/\/prensapresidencialvenezuela.gob.ve\/index.php\/wp-json\/wp\/v2\/posts\/5908\/revisions"}],"predecessor-version":[{"id":5910,"href":"https:\/\/prensapresidencialvenezuela.gob.ve\/index.php\/wp-json\/wp\/v2\/posts\/5908\/revisions\/5910"}],"wp:featuredmedia":[{"embeddable":true,"href":"https:\/\/prensapresidencialvenezuela.gob.ve\/index.php\/wp-json\/wp\/v2\/media\/5909"}],"wp:attachment":[{"href":"https:\/\/prensapresidencialvenezuela.gob.ve\/index.php\/wp-json\/wp\/v2\/media?parent=5908"}],"wp:term":[{"taxonomy":"category","embeddable":true,"href":"https:\/\/prensapresidencialvenezuela.gob.ve\/index.php\/wp-json\/wp\/v2\/categories?post=5908"},{"taxonomy":"post_tag","embeddable":true,"href":"https:\/\/prensapresidencialvenezuela.gob.ve\/index.php\/wp-json\/wp\/v2\/tags?post=5908"}],"curies":[{"name":"wp","href":"https:\/\/api.w.org\/{rel}","templated":true}]}}