{"id":5941,"date":"2023-07-10T18:12:00","date_gmt":"2023-07-10T18:12:00","guid":{"rendered":"http:\/\/172.27.0.121\/?p=5941"},"modified":"2023-07-11T18:13:51","modified_gmt":"2023-07-11T18:13:51","slug":"pesca-del-pulpo-alcanzo-50-en-el-inicio-de-la-temporada","status":"publish","type":"post","link":"https:\/\/prensapresidencialvenezuela.gob.ve\/index.php\/2023\/07\/10\/pesca-del-pulpo-alcanzo-50-en-el-inicio-de-la-temporada\/","title":{"rendered":"Pesca del pulpo alcanz\u00f3 50% en el inicio de la temporada"},"content":{"rendered":"\n<p><strong>Palacio de Miraflores, Caracas.-&nbsp;<\/strong>A una semana y media del inicio de la zafra del pulpo, ocurrida el s\u00e1bado 1\u00b0 de julio, se ha capturado el 50% de la producci\u00f3n total del a\u00f1o 2022. Hasta el momento, se contabilizan 780 toneladas, inform\u00f3 el ministro del Poder Popular para Pesca y Acuicultura, Juan Carlos Loyo.<\/p>\n\n\n\n<p>\u201cEl a\u00f1o pasado tuvimos una captura de 1.482 toneladas, este a\u00f1o en semana y media alcanzamos el 50% de lo que fue el a\u00f1o pasado, es decir, 780 toneladas\u201d, precis\u00f3 durante su participaci\u00f3n en el programa \u201cCon Maduro +\u201d, transmitido a trav\u00e9s de Venezolana de Televisi\u00f3n (VTV).<\/p>\n\n\n\n<p>Detall\u00f3 que un equipo de bi\u00f3logo, investigadores y especialistas del Ministerio de Poder Popular para Pesca y Acuicultura se mantiene desplegado en los puertos pesqueros de Pampatar y Los Cocos, ubicados en el estado Nueva Esparta, que en aras de garantizar la sostenibilidad en la captura y preservaci\u00f3n del pulpo.<\/p>\n\n\n\n<p>\u201cTodo el equipo del Ministerio de Pesca se encuentra en los puertos pesqueros asegurando una sana comercializaci\u00f3n que cumpla con la estructura de costos, potenciando el desarrollo del sector exportador y de consumo nacional\u201d, explic\u00f3.<\/p>\n\n\n\n<p>Loyo, en tanto, puntualiz\u00f3 que la pesca de sardina se elev\u00f3 11% en comparaci\u00f3n con el a\u00f1o 2022, as\u00ed como la producci\u00f3n de conserva que se sit\u00faa en 17%. Por otro lado, la producci\u00f3n de conserva de at\u00fan aument\u00f3 76%.<\/p>\n\n\n\n<p><strong>Prensa Presidencial \/ Karelis Gonz\u00e1lez<\/strong><\/p>\n","protected":false},"excerpt":{"rendered":"<p>Palacio de Miraflores, Caracas.-&nbsp;A una semana y media del inicio de la zafra del pulpo, ocurrida el s\u00e1bado 1\u00b0 de julio, se ha capturado el 50% de la producci\u00f3n total del a\u00f1o 2022. Hasta el momento, se contabilizan 780 toneladas, inform\u00f3 el ministro del Poder Popular para Pesca y Acuicultura, Juan Carlos Loyo. \u201cEl a\u00f1o [&hellip;]<\/p>\n","protected":false},"author":6,"featured_media":5942,"comment_status":"open","ping_status":"open","sticky":false,"template":"","format":"standard","meta":{"footnotes":""},"categories":[18,7],"tags":[],"class_list":["post-5941","post","type-post","status-publish","format-standard","has-post-thumbnail","hentry","category-noticias-principales","category-notas-de-prensa"],"_links":{"self":[{"href":"https:\/\/prensapresidencialvenezuela.gob.ve\/index.php\/wp-json\/wp\/v2\/posts\/5941","targetHints":{"allow":["GET"]}}],"collection":[{"href":"https:\/\/prensapresidencialvenezuela.gob.ve\/index.php\/wp-json\/wp\/v2\/posts"}],"about":[{"href":"https:\/\/prensapresidencialvenezuela.gob.ve\/index.php\/wp-json\/wp\/v2\/types\/post"}],"author":[{"embeddable":true,"href":"https:\/\/prensapresidencialvenezuela.gob.ve\/index.php\/wp-json\/wp\/v2\/users\/6"}],"replies":[{"embeddable":true,"href":"https:\/\/prensapresidencialvenezuela.gob.ve\/index.php\/wp-json\/wp\/v2\/comments?post=5941"}],"version-history":[{"count":1,"href":"https:\/\/prensapresidencialvenezuela.gob.ve\/index.php\/wp-json\/wp\/v2\/posts\/5941\/revisions"}],"predecessor-version":[{"id":5943,"href":"https:\/\/prensapresidencialvenezuela.gob.ve\/index.php\/wp-json\/wp\/v2\/posts\/5941\/revisions\/5943"}],"wp:featuredmedia":[{"embeddable":true,"href":"https:\/\/prensapresidencialvenezuela.gob.ve\/index.php\/wp-json\/wp\/v2\/media\/5942"}],"wp:attachment":[{"href":"https:\/\/prensapresidencialvenezuela.gob.ve\/index.php\/wp-json\/wp\/v2\/media?parent=5941"}],"wp:term":[{"taxonomy":"category","embeddable":true,"href":"https:\/\/prensapresidencialvenezuela.gob.ve\/index.php\/wp-json\/wp\/v2\/categories?post=5941"},{"taxonomy":"post_tag","embeddable":true,"href":"https:\/\/prensapresidencialvenezuela.gob.ve\/index.php\/wp-json\/wp\/v2\/tags?post=5941"}],"curies":[{"name":"wp","href":"https:\/\/api.w.org\/{rel}","templated":true}]}}