{"id":5944,"date":"2023-07-10T18:14:00","date_gmt":"2023-07-10T18:14:00","guid":{"rendered":"http:\/\/172.27.0.121\/?p=5944"},"modified":"2023-07-11T18:15:11","modified_gmt":"2023-07-11T18:15:11","slug":"maduro-convoca-unir-instituciones-suramericanas-para-la-accion-en-la-amazonia","status":"publish","type":"post","link":"https:\/\/prensapresidencialvenezuela.gob.ve\/index.php\/2023\/07\/10\/maduro-convoca-unir-instituciones-suramericanas-para-la-accion-en-la-amazonia\/","title":{"rendered":"Maduro convoca unir instituciones suramericanas para la acci\u00f3n en la Amazon\u00eda"},"content":{"rendered":"\n<p><strong>Palacio de Miraflores, Caracas.-&nbsp;<\/strong>Al denunciar que \u201cse pretende un nuevo colonialismo\u201d, el presidente de la Rep\u00fablica, Nicol\u00e1s Maduro, se\u00f1al\u00f3 la necesidad de unir a todas las instituciones suramericanas para la acci\u00f3n en defensa de la Amazon\u00eda en v\u00edsperas de la IV Cumbre de Presidentes de los Pa\u00edses Amaz\u00f3nicos, prevista para el mes de agosto en Bel\u00e9n do Par\u00e1, situado en Brasil.<\/p>\n\n\n\n<p>\u201cEl que quiera venir a apoyar desde afuera que apoye bajo la rector\u00eda de la OTCA (Organizaci\u00f3n del Tratado de Cooperaci\u00f3n Amaz\u00f3nica) y de Suram\u00e9rica, de nuestros pa\u00edses porque se pretende venir con tropas de los Estados Unidos y meter tropas en el Amazonas\u201d, asever\u00f3 durante el programa \u201cCon Maduro +\u201d, transmitido a trav\u00e9s de Venezolana de Televisi\u00f3n (VTV).<\/p>\n\n\n\n<p>Explic\u00f3 que \u201clos poderes mundiales que han gobernado y destruido el planeta tierra\u201d intentan colonizar la Amazon\u00eda para adue\u00f1arse de \u201clas riquezas de la biodiversidad, de las riquezas naturales\u201d.<\/p>\n\n\n\n<p>Destac\u00f3 que la Amazon\u00eda \u201ces uno de los puntos fundamentales para lograr el reequilibrio del planeta\u201d, raz\u00f3n por la cual consider\u00f3 imperioso sumar esfuerzos para erradicar la miner\u00eda ilegal, prohibir la deforestaci\u00f3n e ir a una regeneraci\u00f3n de los suelos \u201capoyados en el poder ancestral de los pueblos ind\u00edgenas que viven en el Amazonas\u201d.<\/p>\n\n\n\n<p>En este sentido, extendi\u00f3 su reconocimiento a la Fuerza Armada Nacional Bolivariana (FANB) por el exitoso despliegue en parques nacionales, donde han logrado desalojar \u2013de manera voluntaria- m\u00e1s de 4 mil 500 mineros ilegales.<\/p>\n\n\n\n<p>En relaci\u00f3n al evento denominado \u201cCamio a la Cumbre Amaz\u00f3nica\u201d, que se realiz\u00f3 la semana pasada en Leticia, ubicado en Colombia, el mandatario venezolano ratific\u00f3 el compromiso del Gobierno Nacional con los planteamientos emanados de la Reuni\u00f3n Preparatoria a la IV Cumbre de Presidentes de los Pa\u00edses Amaz\u00f3nicos.<\/p>\n\n\n\n<p>Al respecto, el ministro del Poder Popular para Ecosocialismo, Josu\u00e9 Lorca, precis\u00f3 que \u2013en representaci\u00f3n de Venezuela- plante\u00f3 establecer una agenda com\u00fan entre los cient\u00edficos de los pa\u00edses de la OTCA para definir estrategias de defensa y protecci\u00f3n.<\/p>\n\n\n\n<p><strong>Prensa Presidencial \/ Karelis Gonz\u00e1lez<\/strong><\/p>\n","protected":false},"excerpt":{"rendered":"<p>Palacio de Miraflores, Caracas.-&nbsp;Al denunciar que \u201cse pretende un nuevo colonialismo\u201d, el presidente de la Rep\u00fablica, Nicol\u00e1s Maduro, se\u00f1al\u00f3 la necesidad de unir a todas las instituciones suramericanas para la acci\u00f3n en defensa de la Amazon\u00eda en v\u00edsperas de la IV Cumbre de Presidentes de los Pa\u00edses Amaz\u00f3nicos, prevista para el mes de agosto en [&hellip;]<\/p>\n","protected":false},"author":6,"featured_media":5945,"comment_status":"open","ping_status":"open","sticky":false,"template":"","format":"standard","meta":{"footnotes":""},"categories":[18,7],"tags":[],"class_list":["post-5944","post","type-post","status-publish","format-standard","has-post-thumbnail","hentry","category-noticias-principales","category-notas-de-prensa"],"_links":{"self":[{"href":"https:\/\/prensapresidencialvenezuela.gob.ve\/index.php\/wp-json\/wp\/v2\/posts\/5944","targetHints":{"allow":["GET"]}}],"collection":[{"href":"https:\/\/prensapresidencialvenezuela.gob.ve\/index.php\/wp-json\/wp\/v2\/posts"}],"about":[{"href":"https:\/\/prensapresidencialvenezuela.gob.ve\/index.php\/wp-json\/wp\/v2\/types\/post"}],"author":[{"embeddable":true,"href":"https:\/\/prensapresidencialvenezuela.gob.ve\/index.php\/wp-json\/wp\/v2\/users\/6"}],"replies":[{"embeddable":true,"href":"https:\/\/prensapresidencialvenezuela.gob.ve\/index.php\/wp-json\/wp\/v2\/comments?post=5944"}],"version-history":[{"count":1,"href":"https:\/\/prensapresidencialvenezuela.gob.ve\/index.php\/wp-json\/wp\/v2\/posts\/5944\/revisions"}],"predecessor-version":[{"id":5946,"href":"https:\/\/prensapresidencialvenezuela.gob.ve\/index.php\/wp-json\/wp\/v2\/posts\/5944\/revisions\/5946"}],"wp:featuredmedia":[{"embeddable":true,"href":"https:\/\/prensapresidencialvenezuela.gob.ve\/index.php\/wp-json\/wp\/v2\/media\/5945"}],"wp:attachment":[{"href":"https:\/\/prensapresidencialvenezuela.gob.ve\/index.php\/wp-json\/wp\/v2\/media?parent=5944"}],"wp:term":[{"taxonomy":"category","embeddable":true,"href":"https:\/\/prensapresidencialvenezuela.gob.ve\/index.php\/wp-json\/wp\/v2\/categories?post=5944"},{"taxonomy":"post_tag","embeddable":true,"href":"https:\/\/prensapresidencialvenezuela.gob.ve\/index.php\/wp-json\/wp\/v2\/tags?post=5944"}],"curies":[{"name":"wp","href":"https:\/\/api.w.org\/{rel}","templated":true}]}}