{"id":5984,"date":"2023-07-19T00:04:38","date_gmt":"2023-07-19T00:04:38","guid":{"rendered":"http:\/\/172.27.0.121\/?p=5984"},"modified":"2023-07-19T00:04:38","modified_gmt":"2023-07-19T00:04:38","slug":"presidente-ratifica-llamado-a-construir-vocacion-exportadora-de-todos-los-sectores-del-pais","status":"publish","type":"post","link":"https:\/\/prensapresidencialvenezuela.gob.ve\/index.php\/2023\/07\/19\/presidente-ratifica-llamado-a-construir-vocacion-exportadora-de-todos-los-sectores-del-pais\/","title":{"rendered":"Presidente ratifica llamado a construir vocaci\u00f3n exportadora de todos los sectores del pa\u00eds"},"content":{"rendered":"\n<p><strong>C\u00edrculo Militar, Caracas. \u2013<\/strong>&nbsp;El llamado a construir la vocaci\u00f3n exportadora de todos los sectores del pa\u00eds fue ratificado este martes por el presidente de la Rep\u00fablica Bolivariana de Venezuela, Nicol\u00e1s Maduro, en la clausura del II Encuentro Internacional de Caf\u00e9 de Especialidad Venezolana (Eicev) 2023, realizado del 13 al 18 de julio en el Laguito, Circulo Militar, en Caracas.<\/p>\n\n\n\n<p>\u201cSiempre hay que pensar en la exportaci\u00f3n, en todos los rubros. Construir la vocaci\u00f3n exportadora de todos los sectores del pa\u00eds\u201d, refiri\u00f3 al ilustrar a los productores que es necesario, \u201cpor lo menos, apartar un 20% de la producci\u00f3n para colocarlo en los mercados internacionales, mientras vamos creciendo, porque se va construyendo la ruta de exportaci\u00f3n\u201d.<\/p>\n\n\n\n<p>Posteriormente \u2013 se\u00f1al\u00f3 el Mandatario nacional- \u201ccreces en producci\u00f3n y tienes la ruta exportadora y tienes la ruta nacional, construir la ruta nacional con calidad, precios justos y satisfacer la demanda, abastecer el mercado nacional como lo tenemos abastecido a nivel general con producci\u00f3n nacional y complemento importador\u201d.<\/p>\n\n\n\n<p>Indic\u00f3 que no hay pa\u00eds en el mundo que no importe para complementar y ratific\u00f3 que Venezuela vivir\u00e1 una etapa de prosperidad econ\u00f3mica esplendorosa a mediano plazo, con soberan\u00eda, independencia, dignidad y honor.<\/p>\n\n\n\n<p>Estas palabras las pronunci\u00f3 el Dignatario venezolano al llamar a la unidad de todos los sectores profesionales del pa\u00eds, emprendedores, empresarios, productores, campesinos para \u201cunirnos en solo esfuerzo de trabajo, porque al final es la apuesta de ganar-ganar\u201d.<\/p>\n\n\n\n<p>Subray\u00f3 que la apuesta de perder \u2013 perder \u201cya m\u00e1s nunca debemos aceptarla en Venezuela, es la apuesta de trabajar, producir, y que ganemos todos, que gane el pa\u00eds, el pueblo, que gane el que trabaja\u201d.<\/p>\n\n\n\n<p>El jefe de Estado consider\u00f3 fundamental seguir avanzando en la capacidad productiva nacional, crecer en la capacidad productiva nacional para satisfacer con calidad el consumo nacional de todos los productos, los rubros, garantizar precios justos, sin especulaci\u00f3n para el pueblo.<\/p>\n\n\n\n<p><strong>Inaugurado laboratorio<\/strong><\/p>\n\n\n\n<p>En esta jornada, se inaugur\u00f3 la Fundaci\u00f3n para la Excelencia del Caf\u00e9 Venezolano (FECVE), con lo cual tambi\u00e9n nace el laboratorio para certificar y garantizar la excelencia del rubro.<\/p>\n\n\n\n<p>El espacio est\u00e1 ubicado en el sector La Castellana, municipio Chacao, y se encuentra certificado \u2013 explic\u00f3 el ministro del Poder Popular para Agricultura Productiva y Tierras, Wilmar Castro Soteldo \u2013 por las grandes certificadoras norteamericanas y europeas.<\/p>\n\n\n\n<p>En la nueva sede acompa\u00f1aron la inauguraci\u00f3n la catadora y auditora de taza de excelencia, Luz Estela Artajo y Gabriel Gonz\u00e1lez, quien es el presidente de esta nueva fundaci\u00f3n.<\/p>\n\n\n\n<p>Gonz\u00e1lez destac\u00f3 que el laboratorio cuenta con una alt\u00edsima tecnolog\u00eda y reconocimiento internacional. En este se podr\u00e1 dar capacitaci\u00f3n a los productores en distintas \u00e1reas como: barrismo y cataci\u00f3n. Tambi\u00e9n permitir\u00e1 evaluar los caf\u00e9s comerciales y los que van a exportaci\u00f3n.<\/p>\n\n\n\n<p><strong>Prensa Presidencial \/ Ana\u00eds P\u00e9rez<\/strong><\/p>\n","protected":false},"excerpt":{"rendered":"<p>C\u00edrculo Militar, Caracas. \u2013&nbsp;El llamado a construir la vocaci\u00f3n exportadora de todos los sectores del pa\u00eds fue ratificado este martes por el presidente de la Rep\u00fablica Bolivariana de Venezuela, Nicol\u00e1s Maduro, en la clausura del II Encuentro Internacional de Caf\u00e9 de Especialidad Venezolana (Eicev) 2023, realizado del 13 al 18 de julio en el Laguito, [&hellip;]<\/p>\n","protected":false},"author":6,"featured_media":5985,"comment_status":"open","ping_status":"open","sticky":false,"template":"","format":"standard","meta":{"footnotes":""},"categories":[18,7],"tags":[],"class_list":["post-5984","post","type-post","status-publish","format-standard","has-post-thumbnail","hentry","category-noticias-principales","category-notas-de-prensa"],"_links":{"self":[{"href":"https:\/\/prensapresidencialvenezuela.gob.ve\/index.php\/wp-json\/wp\/v2\/posts\/5984","targetHints":{"allow":["GET"]}}],"collection":[{"href":"https:\/\/prensapresidencialvenezuela.gob.ve\/index.php\/wp-json\/wp\/v2\/posts"}],"about":[{"href":"https:\/\/prensapresidencialvenezuela.gob.ve\/index.php\/wp-json\/wp\/v2\/types\/post"}],"author":[{"embeddable":true,"href":"https:\/\/prensapresidencialvenezuela.gob.ve\/index.php\/wp-json\/wp\/v2\/users\/6"}],"replies":[{"embeddable":true,"href":"https:\/\/prensapresidencialvenezuela.gob.ve\/index.php\/wp-json\/wp\/v2\/comments?post=5984"}],"version-history":[{"count":1,"href":"https:\/\/prensapresidencialvenezuela.gob.ve\/index.php\/wp-json\/wp\/v2\/posts\/5984\/revisions"}],"predecessor-version":[{"id":5986,"href":"https:\/\/prensapresidencialvenezuela.gob.ve\/index.php\/wp-json\/wp\/v2\/posts\/5984\/revisions\/5986"}],"wp:featuredmedia":[{"embeddable":true,"href":"https:\/\/prensapresidencialvenezuela.gob.ve\/index.php\/wp-json\/wp\/v2\/media\/5985"}],"wp:attachment":[{"href":"https:\/\/prensapresidencialvenezuela.gob.ve\/index.php\/wp-json\/wp\/v2\/media?parent=5984"}],"wp:term":[{"taxonomy":"category","embeddable":true,"href":"https:\/\/prensapresidencialvenezuela.gob.ve\/index.php\/wp-json\/wp\/v2\/categories?post=5984"},{"taxonomy":"post_tag","embeddable":true,"href":"https:\/\/prensapresidencialvenezuela.gob.ve\/index.php\/wp-json\/wp\/v2\/tags?post=5984"}],"curies":[{"name":"wp","href":"https:\/\/api.w.org\/{rel}","templated":true}]}}