{"id":6003,"date":"2023-07-22T00:44:15","date_gmt":"2023-07-22T00:44:15","guid":{"rendered":"http:\/\/172.27.0.121\/?p=6003"},"modified":"2023-07-22T00:44:15","modified_gmt":"2023-07-22T00:44:15","slug":"el-pueblo-esta-movilizado-trabajando-en-las-necesidades-sociales","status":"publish","type":"post","link":"https:\/\/prensapresidencialvenezuela.gob.ve\/index.php\/2023\/07\/22\/el-pueblo-esta-movilizado-trabajando-en-las-necesidades-sociales\/","title":{"rendered":"El pueblo est\u00e1 movilizado trabajando en las necesidades sociales"},"content":{"rendered":"\n<p><strong>Macuto, estado La Guaira.-<\/strong> En referencia a las movilizaciones del Partido Socialista Unido de Venezuela (PSUV), que despliega la militancia de la tolda roja en diversas parroquias del pa\u00eds para atender las necesidades del pueblo junto al Ejecutivo Nacional y dar su respaldo a su gesti\u00f3n, el presidente de la Rep\u00fablica, Nicol\u00e1s Maduro, refiri\u00f3 que hay una movilizaci\u00f3n consciente en defensa de la Patria frente al imperialismo, el neocoloniaje y la traici\u00f3n de la derecha extremista.<\/p>\n\n\n\n<p>\u201cEsas movilizaciones gigantescas que se est\u00e1n haciendo en los pueblos, en las comunidades y parroquias impresionantes, usted ve y dice \u00bfDe d\u00f3nde sale tanta gente? \u00bfPor qu\u00e9 la gente est\u00e1 saliendo as\u00ed a la calle, llena de fervor?, \u00bfPor qu\u00e9 esa pasi\u00f3n? \u00bfPor qu\u00e9 esa alegr\u00eda?. Es porque la gente est\u00e1 consciente que hay que defender la paz, la estabilidad y el derecho al futuro de los ni\u00f1os y ni\u00f1as, de la juventud de Venezuela; este pueblo est\u00e1 muy consciente de oriente a occidente, de norte a sur\u201d, enfatiz\u00f3 desde Macuto, ubicado en el estado La Guaira.<\/p>\n\n\n\n<p>Precis\u00f3 que \u201cno estamos en campa\u00f1a, estamos trabajando\u201d, al tiempo que orden\u00f3 mantener al pueblo informado, consciente y movilizado permanentemente.<\/p>\n\n\n\n<p>En tanto, el&nbsp;jefe de Estado alert\u00f3: \u201cfrente a las campa\u00f1as que el imperialismo promueve, ellos pretenden levantarse otra vez para hacer da\u00f1o, para guarimbear y le pregunto al pueblo \u00bfUstedes&nbsp; quieren otra vez las guarimbas?, \u00bfUstedes quieren otra vez el odio?,&nbsp; \u00bfQuieren la divisi\u00f3n y la intolerancia, el enfrentamiento entre venezolanos otra vez?. No. Nosotros queremos la uni\u00f3n, el avance, la recuperaci\u00f3n y una nueva prosperidad para Venezuela\u201d, a lo que el pueblo presente aplaudi\u00f3 como protagonista de la paz.<\/p>\n\n\n\n<p>Record\u00f3 el Mandatario que en el mundo de hoy nadie respeta a los cobardes e hip\u00f3critas y a los vende patria, los utilizan \u201cy despu\u00e9s el diablo les clava su daga\u201d, y precis\u00f3 que a diferencia de esto, las mujeres y hombres de paz, se hacen respetar por una alta investidura moral, capacidad de trabajo y por el amor invencible a Venezuela.<\/p>\n\n\n\n<p><strong>Prensa Presidencial \/ Yndira L\u00f3pez<\/strong><\/p>\n","protected":false},"excerpt":{"rendered":"<p>Macuto, estado La Guaira.- En referencia a las movilizaciones del Partido Socialista Unido de Venezuela (PSUV), que despliega la militancia de la tolda roja en diversas parroquias del pa\u00eds para atender las necesidades del pueblo junto al Ejecutivo Nacional y dar su respaldo a su gesti\u00f3n, el presidente de la Rep\u00fablica, Nicol\u00e1s Maduro, refiri\u00f3 que [&hellip;]<\/p>\n","protected":false},"author":6,"featured_media":6004,"comment_status":"open","ping_status":"open","sticky":false,"template":"","format":"standard","meta":{"footnotes":""},"categories":[18,7],"tags":[],"class_list":["post-6003","post","type-post","status-publish","format-standard","has-post-thumbnail","hentry","category-noticias-principales","category-notas-de-prensa"],"_links":{"self":[{"href":"https:\/\/prensapresidencialvenezuela.gob.ve\/index.php\/wp-json\/wp\/v2\/posts\/6003","targetHints":{"allow":["GET"]}}],"collection":[{"href":"https:\/\/prensapresidencialvenezuela.gob.ve\/index.php\/wp-json\/wp\/v2\/posts"}],"about":[{"href":"https:\/\/prensapresidencialvenezuela.gob.ve\/index.php\/wp-json\/wp\/v2\/types\/post"}],"author":[{"embeddable":true,"href":"https:\/\/prensapresidencialvenezuela.gob.ve\/index.php\/wp-json\/wp\/v2\/users\/6"}],"replies":[{"embeddable":true,"href":"https:\/\/prensapresidencialvenezuela.gob.ve\/index.php\/wp-json\/wp\/v2\/comments?post=6003"}],"version-history":[{"count":1,"href":"https:\/\/prensapresidencialvenezuela.gob.ve\/index.php\/wp-json\/wp\/v2\/posts\/6003\/revisions"}],"predecessor-version":[{"id":6005,"href":"https:\/\/prensapresidencialvenezuela.gob.ve\/index.php\/wp-json\/wp\/v2\/posts\/6003\/revisions\/6005"}],"wp:featuredmedia":[{"embeddable":true,"href":"https:\/\/prensapresidencialvenezuela.gob.ve\/index.php\/wp-json\/wp\/v2\/media\/6004"}],"wp:attachment":[{"href":"https:\/\/prensapresidencialvenezuela.gob.ve\/index.php\/wp-json\/wp\/v2\/media?parent=6003"}],"wp:term":[{"taxonomy":"category","embeddable":true,"href":"https:\/\/prensapresidencialvenezuela.gob.ve\/index.php\/wp-json\/wp\/v2\/categories?post=6003"},{"taxonomy":"post_tag","embeddable":true,"href":"https:\/\/prensapresidencialvenezuela.gob.ve\/index.php\/wp-json\/wp\/v2\/tags?post=6003"}],"curies":[{"name":"wp","href":"https:\/\/api.w.org\/{rel}","templated":true}]}}