{"id":6019,"date":"2023-07-24T17:27:00","date_gmt":"2023-07-24T17:27:00","guid":{"rendered":"http:\/\/172.27.0.121\/?p=6019"},"modified":"2023-07-26T17:28:08","modified_gmt":"2023-07-26T17:28:08","slug":"maduro-debemos-mantenernos-alerta-y-vigilar-nuestras-aguas-caribenas-y-oceanicas","status":"publish","type":"post","link":"https:\/\/prensapresidencialvenezuela.gob.ve\/index.php\/2023\/07\/24\/maduro-debemos-mantenernos-alerta-y-vigilar-nuestras-aguas-caribenas-y-oceanicas\/","title":{"rendered":"Maduro: Debemos mantenernos alerta \u00a0y vigilar nuestras aguas caribe\u00f1as y oce\u00e1nicas"},"content":{"rendered":"\n<p><strong>Maracaibo, estado Zulia.-<\/strong>&nbsp;A 200 a\u00f1os de la victoria del pueblo venezolano en la Batalla Naval del Lago de Maracaibo, el presidente de la Rep\u00fablica, Nicol\u00e1s Maduro, asever\u00f3 que esta gesta patri\u00f3tica signific\u00f3 un triunfo heroico frente a la armada imbatible del imperio europeo.<\/p>\n\n\n\n<p>\u201cTen\u00eda que llegar el d\u00eda y lleg\u00f3 el d\u00eda de los 200 a\u00f1os de la gran victoria del pueblo del Zulia, del pueblo colombiano, una victoria heroica de Colombia,&nbsp; una victoria heroica del Ej\u00e9rcito Libertador creado por Bol\u00edvar, h\u00e9roe de la Gran Colombia frente a la armada espa\u00f1ola, armada imbatible de los imperios europeos, quienes despu\u00e9s de la Batalla de Carabobo pretendieron reconquistar Venezuela desde Maracaibo y Puerto Cabello\u201d.<\/p>\n\n\n\n<p>El presidente Maduro describi\u00f3 la Batalla Naval del Lago como un esfuerzo conjunto de soldados venezolanos y colombianos, en uni\u00f3n con el pueblo zuliano, para lograr derrotar a la corona espa\u00f1ola.<\/p>\n\n\n\n<p>\u201cLa Batalla Naval del Lago fue planificada con los pueblos negros, ind\u00edgenas, mestizos, campesinos, blancos y mujeres patriotas, &nbsp;ellos lucharon por nuestra independencia un d\u00eda como hoy &nbsp;en este lago sagrado de Maracaibo. Con este sol lucharon llenos de energ\u00eda y de fuerza hace 200 a\u00f1os y fueron nuestros abuelos y abuelas quienes obtuvieron la gran victoria,&nbsp; derrotando al imperio espa\u00f1ol y haci\u00e9ndoles firmar su capitulaci\u00f3n. Fue una victoria &nbsp;de nuestros pueblos unidos y en esa batalla de nuestros pueblos, batalla heroica,&nbsp;naci\u00f3 la Armada Bolivariana y nuestra Armada antimperialista y nacionalista.&nbsp; \u00a1Honor y gloria al Ej\u00e9rcito Libertador!\u201d.<\/p>\n\n\n\n<p>El Jefe de Estado hizo un llamado a mantener la alerta, cuidando y protegiendo a nuestro pueblo y a nuestros lagos y mares, a la fachada Caribe y Atl\u00e1ntica.<\/p>\n\n\n\n<p>\u201cAlerta permanente, alerta y protecci\u00f3n de la gran historia Patria que tiene Venezuela.&nbsp; En nuestras manos jam\u00e1s se perder\u00e1 la Patria, &nbsp;juremos frente a la ciudad de Maracaibo al cumplirse 200 a\u00f1os de la Batalla Naval del Lago consolidar la paz, la prosperidad, juremos por Bol\u00edvar, por Sucre, por Rafael Urdaneta. \u00a1Que viva Maracaibo, que viva Bol\u00edvar, que viva la Batalla Naval del Lago de Maracaibo!\u201d destac\u00f3.<\/p>\n\n\n\n<p><strong>Prensa Presidencial \/ Orlando Ruiz<\/strong><\/p>\n","protected":false},"excerpt":{"rendered":"<p>Maracaibo, estado Zulia.-&nbsp;A 200 a\u00f1os de la victoria del pueblo venezolano en la Batalla Naval del Lago de Maracaibo, el presidente de la Rep\u00fablica, Nicol\u00e1s Maduro, asever\u00f3 que esta gesta patri\u00f3tica signific\u00f3 un triunfo heroico frente a la armada imbatible del imperio europeo. \u201cTen\u00eda que llegar el d\u00eda y lleg\u00f3 el d\u00eda de los 200 [&hellip;]<\/p>\n","protected":false},"author":6,"featured_media":6020,"comment_status":"open","ping_status":"open","sticky":false,"template":"","format":"standard","meta":{"footnotes":""},"categories":[18,7],"tags":[],"class_list":["post-6019","post","type-post","status-publish","format-standard","has-post-thumbnail","hentry","category-noticias-principales","category-notas-de-prensa"],"_links":{"self":[{"href":"https:\/\/prensapresidencialvenezuela.gob.ve\/index.php\/wp-json\/wp\/v2\/posts\/6019","targetHints":{"allow":["GET"]}}],"collection":[{"href":"https:\/\/prensapresidencialvenezuela.gob.ve\/index.php\/wp-json\/wp\/v2\/posts"}],"about":[{"href":"https:\/\/prensapresidencialvenezuela.gob.ve\/index.php\/wp-json\/wp\/v2\/types\/post"}],"author":[{"embeddable":true,"href":"https:\/\/prensapresidencialvenezuela.gob.ve\/index.php\/wp-json\/wp\/v2\/users\/6"}],"replies":[{"embeddable":true,"href":"https:\/\/prensapresidencialvenezuela.gob.ve\/index.php\/wp-json\/wp\/v2\/comments?post=6019"}],"version-history":[{"count":1,"href":"https:\/\/prensapresidencialvenezuela.gob.ve\/index.php\/wp-json\/wp\/v2\/posts\/6019\/revisions"}],"predecessor-version":[{"id":6021,"href":"https:\/\/prensapresidencialvenezuela.gob.ve\/index.php\/wp-json\/wp\/v2\/posts\/6019\/revisions\/6021"}],"wp:featuredmedia":[{"embeddable":true,"href":"https:\/\/prensapresidencialvenezuela.gob.ve\/index.php\/wp-json\/wp\/v2\/media\/6020"}],"wp:attachment":[{"href":"https:\/\/prensapresidencialvenezuela.gob.ve\/index.php\/wp-json\/wp\/v2\/media?parent=6019"}],"wp:term":[{"taxonomy":"category","embeddable":true,"href":"https:\/\/prensapresidencialvenezuela.gob.ve\/index.php\/wp-json\/wp\/v2\/categories?post=6019"},{"taxonomy":"post_tag","embeddable":true,"href":"https:\/\/prensapresidencialvenezuela.gob.ve\/index.php\/wp-json\/wp\/v2\/tags?post=6019"}],"curies":[{"name":"wp","href":"https:\/\/api.w.org\/{rel}","templated":true}]}}