{"id":6045,"date":"2023-07-27T17:32:00","date_gmt":"2023-07-27T17:32:00","guid":{"rendered":"http:\/\/172.27.0.121\/?p=6045"},"modified":"2023-07-28T17:37:12","modified_gmt":"2023-07-28T17:37:12","slug":"presidente-maduro-sostuvo-encuentro-con-el-secretario-general-del-foro-de-paises-exportadores-de-gas","status":"publish","type":"post","link":"https:\/\/prensapresidencialvenezuela.gob.ve\/index.php\/2023\/07\/27\/presidente-maduro-sostuvo-encuentro-con-el-secretario-general-del-foro-de-paises-exportadores-de-gas\/","title":{"rendered":"Presidente Maduro sostuvo encuentro con el secretario general del Foro de Pa\u00edses Exportadores de Gas"},"content":{"rendered":"\n<p><strong>Palacio de Miraflores, Caracas. \u2013<\/strong>&nbsp;El presidente de la Rep\u00fablica Bolivariana de Venezuela, Nicol\u00e1s Maduro Moros, recibi\u00f3 este jueves al secretario general del Foro de Pa\u00edses Exportadores de Gas (FPEG), Mohamed Hamel, en el Palacio de Miraflores, ubicado en Caracas.<\/p>\n\n\n\n<p>El di\u00e1logo cuenta con la participaci\u00f3n del ministro del Poder Popular de Petr\u00f3leo, Pedro Rafael Tellechea, y el ministro del Poder Popular para Relaciones Exteriores, Yv\u00e1n Gil.<\/p>\n\n\n\n<p>M\u00e1s temprano, Mohamed Hamel, as\u00ed como delegados del Foro de Pa\u00edses Exportadores de Gas, y Andr\u00e9s Rebolledo, representante de la Organizaci\u00f3n Latinoamericana de Energ\u00eda (Olade) sostuvieron un encuentro con la vicepresidenta de la Rep\u00fablica, Delcy Rodr\u00edguez.<\/p>\n\n\n\n<p>En a\u00f1os recientes, el FPEG se ha convertido en una plataforma de discusi\u00f3n m\u00e1s integrada con la consolidaci\u00f3n de su estructura interna, para desarrollar el modelo mundial de suministro y demanda de gas con la cooperaci\u00f3n con organizaciones internacionales de energ\u00eda.<\/p>\n\n\n\n<p>El Foro de Pa\u00edses Exportadores de Gas est\u00e1 integrado por Argelia, Bolivia, Egipto, Guinea Ecuatorial, Ir\u00e1n, Libia, Nigeria, Catar, Rusia, Trinidad y Tobago, Emiratos \u00c1rabes Unidos y Venezuela. Mientras que Azerbaiy\u00e1n, Iraq, Noruega, Kazajist\u00e1n, Om\u00e1n, Per\u00fa y Angola tienen la condici\u00f3n de Miembros Observadores.<\/p>\n\n\n\n<p><strong>Prensa Presidencial \/ Eduardo Hueck<\/strong><\/p>\n","protected":false},"excerpt":{"rendered":"<p>Palacio de Miraflores, Caracas. \u2013&nbsp;El presidente de la Rep\u00fablica Bolivariana de Venezuela, Nicol\u00e1s Maduro Moros, recibi\u00f3 este jueves al secretario general del Foro de Pa\u00edses Exportadores de Gas (FPEG), Mohamed Hamel, en el Palacio de Miraflores, ubicado en Caracas. El di\u00e1logo cuenta con la participaci\u00f3n del ministro del Poder Popular de Petr\u00f3leo, Pedro Rafael Tellechea, [&hellip;]<\/p>\n","protected":false},"author":6,"featured_media":6046,"comment_status":"open","ping_status":"open","sticky":false,"template":"","format":"standard","meta":{"footnotes":""},"categories":[18,7],"tags":[],"class_list":["post-6045","post","type-post","status-publish","format-standard","has-post-thumbnail","hentry","category-noticias-principales","category-notas-de-prensa"],"_links":{"self":[{"href":"https:\/\/prensapresidencialvenezuela.gob.ve\/index.php\/wp-json\/wp\/v2\/posts\/6045","targetHints":{"allow":["GET"]}}],"collection":[{"href":"https:\/\/prensapresidencialvenezuela.gob.ve\/index.php\/wp-json\/wp\/v2\/posts"}],"about":[{"href":"https:\/\/prensapresidencialvenezuela.gob.ve\/index.php\/wp-json\/wp\/v2\/types\/post"}],"author":[{"embeddable":true,"href":"https:\/\/prensapresidencialvenezuela.gob.ve\/index.php\/wp-json\/wp\/v2\/users\/6"}],"replies":[{"embeddable":true,"href":"https:\/\/prensapresidencialvenezuela.gob.ve\/index.php\/wp-json\/wp\/v2\/comments?post=6045"}],"version-history":[{"count":1,"href":"https:\/\/prensapresidencialvenezuela.gob.ve\/index.php\/wp-json\/wp\/v2\/posts\/6045\/revisions"}],"predecessor-version":[{"id":6047,"href":"https:\/\/prensapresidencialvenezuela.gob.ve\/index.php\/wp-json\/wp\/v2\/posts\/6045\/revisions\/6047"}],"wp:featuredmedia":[{"embeddable":true,"href":"https:\/\/prensapresidencialvenezuela.gob.ve\/index.php\/wp-json\/wp\/v2\/media\/6046"}],"wp:attachment":[{"href":"https:\/\/prensapresidencialvenezuela.gob.ve\/index.php\/wp-json\/wp\/v2\/media?parent=6045"}],"wp:term":[{"taxonomy":"category","embeddable":true,"href":"https:\/\/prensapresidencialvenezuela.gob.ve\/index.php\/wp-json\/wp\/v2\/categories?post=6045"},{"taxonomy":"post_tag","embeddable":true,"href":"https:\/\/prensapresidencialvenezuela.gob.ve\/index.php\/wp-json\/wp\/v2\/tags?post=6045"}],"curies":[{"name":"wp","href":"https:\/\/api.w.org\/{rel}","templated":true}]}}