{"id":6049,"date":"2023-08-01T00:18:24","date_gmt":"2023-08-01T00:18:24","guid":{"rendered":"http:\/\/172.27.0.121\/?p=6049"},"modified":"2023-08-01T00:18:24","modified_gmt":"2023-08-01T00:18:24","slug":"presidente-recibio-con-beneplacito-pronunciamiento-defedecamaras-sobre-cese-de-sanciones","status":"publish","type":"post","link":"https:\/\/prensapresidencialvenezuela.gob.ve\/index.php\/2023\/08\/01\/presidente-recibio-con-beneplacito-pronunciamiento-defedecamaras-sobre-cese-de-sanciones\/","title":{"rendered":"Presidente recibi\u00f3 con benepl\u00e1cito pronunciamiento deFedec\u00e1maras sobre cese de sanciones"},"content":{"rendered":"\n<p><strong>Palacio de Miraflores, Caracas. \u2013 <\/strong>El presidente de la Rep\u00fablica Bolivariana de Venezuela, Nicol\u00e1s Maduro, recibi\u00f3 este lunes con benepl\u00e1cito las declaraciones ofrecidas por el nuevo presidente de la Federaci\u00f3n Venezolana de C\u00e1maras de Comercio y Producci\u00f3n (Fedec\u00e1maras), Ad\u00e1n Celis, quien se uni\u00f3 a las voces que piden el fin de las sanciones impuestas por Estados Unidos y la Uni\u00f3n Europea contra la naci\u00f3n suramericana.<\/p>\n\n\n\n<p>En su programa \u201cCon Maduro +\u201d, el Jefe de Estado calific\u00f3 \u201cvoz de sensatez\u201d, las declaraciones del empresario en las que tild\u00f3 de fren\u00e9tico a aquellas personas que apoyan acciones coercitivas contra Venezuela.<\/p>\n\n\n\n<p><strong>\u201c<\/strong>Lo creo y es as\u00ed, \u00bfqui\u00e9n puede pedir que le hagan da\u00f1o a su familia?\u201d, ilustr\u00f3 el presidente Maduro, por lo que salud\u00f3 esta \u201cdeclaraci\u00f3n de Fedec\u00e1maras y le digo a los sectores sensatos del pa\u00eds, m\u00e1s all\u00e1 de colores partidistas o ideol\u00f3gicos, que unamos todos los esfuerzos de Venezuela para exigir se levanten las sanciones contra Venezuela\u201d.<\/p>\n\n\n\n<p>Ratific\u00f3 el Dignatario que Venezuela tiene derecho a una vida econ\u00f3mica y social libre de sanciones y a tomar \u201cnuestros propios caminos y decisiones en todos los marcos de la pol\u00edtica y la sociedad\u201d.<\/p>\n\n\n\n<p>Precis\u00f3 que si hay un consenso hoy en Venezuela es el consenso de rechazo y repudio de las sanciones de Estados Unidos contra Venezuela, \u201cporque son sanciones contra todo el pa\u00eds\u201d.<\/p>\n\n\n\n<p>El Mandatario venezolano exalt\u00f3 que \u201cnunca antes se hab\u00eda logrado un consenso tan poderoso y tan grande\u201d, y aprovech\u00f3 \u201cpara saludar esta declaraci\u00f3n de Ad\u00e1n Celis, adem\u00e1s para felicitarlo por su elecci\u00f3n en esta organizaci\u00f3n\u201d.<\/p>\n\n\n\n<p>En lo sucesivo, el presidente Maduro manifest\u00f3 su intenci\u00f3n de reunirse con Celis, \u201capenas asuma su cargo y poder conversar de los planes para el desarrollo econ\u00f3mico del pa\u00eds. Todos los empresarios del pa\u00eds al trabajo, al crecimiento y a la prosperidad\u201d.<\/p>\n\n\n\n<p><strong>Prensa Presidencial \/ Ana\u00eds P\u00e9rez<\/strong><\/p>\n","protected":false},"excerpt":{"rendered":"<p>Palacio de Miraflores, Caracas. \u2013 El presidente de la Rep\u00fablica Bolivariana de Venezuela, Nicol\u00e1s Maduro, recibi\u00f3 este lunes con benepl\u00e1cito las declaraciones ofrecidas por el nuevo presidente de la Federaci\u00f3n Venezolana de C\u00e1maras de Comercio y Producci\u00f3n (Fedec\u00e1maras), Ad\u00e1n Celis, quien se uni\u00f3 a las voces que piden el fin de las sanciones impuestas por [&hellip;]<\/p>\n","protected":false},"author":6,"featured_media":6050,"comment_status":"open","ping_status":"open","sticky":false,"template":"","format":"standard","meta":{"footnotes":""},"categories":[18,7],"tags":[30,21,19,27,20],"class_list":["post-6049","post","type-post","status-publish","format-standard","has-post-thumbnail","hentry","category-noticias-principales","category-notas-de-prensa","tag-destacado","tag-economia-venezolana","tag-nicolas-maduro","tag-revolucion-bolivariana","tag-venezuela"],"_links":{"self":[{"href":"https:\/\/prensapresidencialvenezuela.gob.ve\/index.php\/wp-json\/wp\/v2\/posts\/6049","targetHints":{"allow":["GET"]}}],"collection":[{"href":"https:\/\/prensapresidencialvenezuela.gob.ve\/index.php\/wp-json\/wp\/v2\/posts"}],"about":[{"href":"https:\/\/prensapresidencialvenezuela.gob.ve\/index.php\/wp-json\/wp\/v2\/types\/post"}],"author":[{"embeddable":true,"href":"https:\/\/prensapresidencialvenezuela.gob.ve\/index.php\/wp-json\/wp\/v2\/users\/6"}],"replies":[{"embeddable":true,"href":"https:\/\/prensapresidencialvenezuela.gob.ve\/index.php\/wp-json\/wp\/v2\/comments?post=6049"}],"version-history":[{"count":1,"href":"https:\/\/prensapresidencialvenezuela.gob.ve\/index.php\/wp-json\/wp\/v2\/posts\/6049\/revisions"}],"predecessor-version":[{"id":6051,"href":"https:\/\/prensapresidencialvenezuela.gob.ve\/index.php\/wp-json\/wp\/v2\/posts\/6049\/revisions\/6051"}],"wp:featuredmedia":[{"embeddable":true,"href":"https:\/\/prensapresidencialvenezuela.gob.ve\/index.php\/wp-json\/wp\/v2\/media\/6050"}],"wp:attachment":[{"href":"https:\/\/prensapresidencialvenezuela.gob.ve\/index.php\/wp-json\/wp\/v2\/media?parent=6049"}],"wp:term":[{"taxonomy":"category","embeddable":true,"href":"https:\/\/prensapresidencialvenezuela.gob.ve\/index.php\/wp-json\/wp\/v2\/categories?post=6049"},{"taxonomy":"post_tag","embeddable":true,"href":"https:\/\/prensapresidencialvenezuela.gob.ve\/index.php\/wp-json\/wp\/v2\/tags?post=6049"}],"curies":[{"name":"wp","href":"https:\/\/api.w.org\/{rel}","templated":true}]}}