{"id":6055,"date":"2023-08-01T01:13:30","date_gmt":"2023-08-01T01:13:30","guid":{"rendered":"http:\/\/172.27.0.121\/?p=6055"},"modified":"2023-08-01T01:13:30","modified_gmt":"2023-08-01T01:13:30","slug":"presidente-aboga-por-una-onu-que-restituya-los-derechos-del-pueblo-palestino","status":"publish","type":"post","link":"https:\/\/prensapresidencialvenezuela.gob.ve\/index.php\/2023\/08\/01\/presidente-aboga-por-una-onu-que-restituya-los-derechos-del-pueblo-palestino\/","title":{"rendered":"Presidente aboga por una ONU que restituya los derechos del pueblo palestino"},"content":{"rendered":"\n<p><strong>Palacio de Miraflores, Caracas. \u2013 <\/strong>El jefe de Estado venezolano abog\u00f3 este lunes por una Organizaci\u00f3n de las Naciones Unidas (ONU) que consiga el camino para restituir los derechos integrales del pueblo palestino.<\/p>\n\n\n\n<p><strong>\u201c<\/strong>Toda nuestra solidaridad con el pueblo palestino\u201d, enfatiz\u00f3 en su programa \u201cCon Maduro +\u201d, al responder, desde la Red de Al Mayadeen<a><\/a>, a un escritor y analista egipcio que hizo llegar un contexto internacional y consult\u00f3 al presidente venezolano sobre algunos eventos en el mundo \u00e1rabe y la situaci\u00f3n de Venezuela.<\/p>\n\n\n\n<p>El presidente Maduro indic\u00f3, en ese sentido, que la Rep\u00fablica Bolivariana de Venezuela hace suya la causa de la independencia de Palestina, as\u00ed como de su dignidad, paz, recuperaci\u00f3n e integridad territorial, de acuerdo con los mandatos de la Organizaci\u00f3n de las Naciones Unidas.<\/p>\n\n\n\n<p>&nbsp;\u201cSomos solidarios con el pueblo palestino, con la juventud palestina, con la mujer palestina en su lucha contra los abusos de los gobiernos terroristas que desde el Estado de Israel lo masacran, asesinan por decenas, por centenas, a j\u00f3venes palestinos todas las semanas, meses, a\u00f1os\u201d, expres\u00f3 el Dignatario.<\/p>\n\n\n\n<p>Inst\u00f3 a que debe levantarse la voz del mundo \u00e1rabe de manera unida, en una sola voz del mundo \u00e1rabe y de los pueblos valientes del mundo para decir : \u201cBasta ya de la masacre contra el pueblo palestino\u201d.<\/p>\n\n\n\n<p><strong>Brics<\/strong><\/p>\n\n\n\n<p>Por otra parte, en el campo internacional, el jefe de Estado refiri\u00f3 que los BRICS, entidad multilateral que congrega a Brasil, Rusia, India, China y Sud\u00e1frica, \u201cson importante en la construcci\u00f3n de un mundo nuevo, que es la fuerza dinamizadora del surgimiento del mundo multipolar\u201d.<\/p>\n\n\n\n<p>Valor\u00f3 el proceso de ampliaci\u00f3n que experimenta en la actualidad esta instancia, para darle participaci\u00f3n a nuevos pa\u00edses.<\/p>\n\n\n\n<p>\u201cVenezuela hizo su propuesta de ingreso a los BRICS esperamos que sea valorada positivamente por China, Brasil, India, Sud\u00e1frica y Rusia. Esperamos una respuesta positiva para que Venezuela m\u00e1s temprano que tarde ingrese a la din\u00e1mica de los BRICS a aprender, apoyar y a ayudar\u201d, record\u00f3 el jefe de Estado.<\/p>\n\n\n\n<p><strong>Cultura<\/strong><\/p>\n\n\n\n<p>En materia cultural, el Mandatario lament\u00f3 el fallecimiento de Reynaldo P\u00e9rez S\u00f3, poeta venezolano, oriundo del estado Carabobo.<\/p>\n\n\n\n<p>\u201cEste poeta ha dejado una obra, ha dejado un legado: Un libro in\u00e9dito llamado \u00d1angaras\u00bb, dijo al ordenar a los fondos editoriales del Estado venezolano a realizar un homenaje al artista con su publicaci\u00f3n\u201d.<\/p>\n\n\n\n<p>En esa l\u00ednea, pidi\u00f3: \u201cQue salga a la luz lo m\u00e1s pronto (el libro) y lo puedan conocer como \u00faltima obra de este gran hombre de la pose\u00eda venezolana (\u2026) Gran poeta, un hombre sencillo\u201d.<\/p>\n\n\n\n<p><strong>Prensa Presidencial \/ Ana\u00eds P\u00e9rez<\/strong><\/p>\n","protected":false},"excerpt":{"rendered":"<p>Palacio de Miraflores, Caracas. \u2013 El jefe de Estado venezolano abog\u00f3 este lunes por una Organizaci\u00f3n de las Naciones Unidas (ONU) que consiga el camino para restituir los derechos integrales del pueblo palestino. \u201cToda nuestra solidaridad con el pueblo palestino\u201d, enfatiz\u00f3 en su programa \u201cCon Maduro +\u201d, al responder, desde la Red de Al Mayadeen, [&hellip;]<\/p>\n","protected":false},"author":6,"featured_media":6056,"comment_status":"open","ping_status":"open","sticky":false,"template":"","format":"standard","meta":{"footnotes":""},"categories":[18,7],"tags":[30,38,19,132,27,20],"class_list":["post-6055","post","type-post","status-publish","format-standard","has-post-thumbnail","hentry","category-noticias-principales","category-notas-de-prensa","tag-destacado","tag-diplomacia-bolivariana-de-paz","tag-nicolas-maduro","tag-palestina","tag-revolucion-bolivariana","tag-venezuela"],"_links":{"self":[{"href":"https:\/\/prensapresidencialvenezuela.gob.ve\/index.php\/wp-json\/wp\/v2\/posts\/6055","targetHints":{"allow":["GET"]}}],"collection":[{"href":"https:\/\/prensapresidencialvenezuela.gob.ve\/index.php\/wp-json\/wp\/v2\/posts"}],"about":[{"href":"https:\/\/prensapresidencialvenezuela.gob.ve\/index.php\/wp-json\/wp\/v2\/types\/post"}],"author":[{"embeddable":true,"href":"https:\/\/prensapresidencialvenezuela.gob.ve\/index.php\/wp-json\/wp\/v2\/users\/6"}],"replies":[{"embeddable":true,"href":"https:\/\/prensapresidencialvenezuela.gob.ve\/index.php\/wp-json\/wp\/v2\/comments?post=6055"}],"version-history":[{"count":1,"href":"https:\/\/prensapresidencialvenezuela.gob.ve\/index.php\/wp-json\/wp\/v2\/posts\/6055\/revisions"}],"predecessor-version":[{"id":6057,"href":"https:\/\/prensapresidencialvenezuela.gob.ve\/index.php\/wp-json\/wp\/v2\/posts\/6055\/revisions\/6057"}],"wp:featuredmedia":[{"embeddable":true,"href":"https:\/\/prensapresidencialvenezuela.gob.ve\/index.php\/wp-json\/wp\/v2\/media\/6056"}],"wp:attachment":[{"href":"https:\/\/prensapresidencialvenezuela.gob.ve\/index.php\/wp-json\/wp\/v2\/media?parent=6055"}],"wp:term":[{"taxonomy":"category","embeddable":true,"href":"https:\/\/prensapresidencialvenezuela.gob.ve\/index.php\/wp-json\/wp\/v2\/categories?post=6055"},{"taxonomy":"post_tag","embeddable":true,"href":"https:\/\/prensapresidencialvenezuela.gob.ve\/index.php\/wp-json\/wp\/v2\/tags?post=6055"}],"curies":[{"name":"wp","href":"https:\/\/api.w.org\/{rel}","templated":true}]}}