{"id":6058,"date":"2023-08-01T01:42:53","date_gmt":"2023-08-01T01:42:53","guid":{"rendered":"http:\/\/172.27.0.121\/?p=6058"},"modified":"2023-08-01T01:42:53","modified_gmt":"2023-08-01T01:42:53","slug":"mas-de-1-600-000-personas-se-han-participado-en-movilizaciones-locales-del-psuv","status":"publish","type":"post","link":"https:\/\/prensapresidencialvenezuela.gob.ve\/index.php\/2023\/08\/01\/mas-de-1-600-000-personas-se-han-participado-en-movilizaciones-locales-del-psuv\/","title":{"rendered":"M\u00e1s de 1.600.000 personas se han participado en movilizaciones locales del PSUV"},"content":{"rendered":"\n<p><strong>Palacio de Miraflores, Caracas.-<\/strong> 37 movilizaciones locales se han desarrollado en parroquias del pa\u00eds por parte de las fuerzas revolucionarias, destac\u00f3 el presidente de la Rep\u00fablica Bolivariana de Venezuela, Nicol\u00e1s Maduro, al detallar que a la fecha un total de 1.694.403 personas han participado en las marchas locales a lo largo y ancho del pa\u00eds.<\/p>\n\n\n\n<p>\u201cQuiero darles las gracias\u201d dijo el tambi\u00e9n presidente del Partido Socialista Unido de Venezuela (PSUV) al aseverar que no es \u201cfoto show, no es Inteligencia Artificial (\u2026) \u2013es el pueblo movilizado- sin autobuses pagados\u201d.<\/p>\n\n\n\n<p>Durante la \u00faltima semana se realizaron movilizaciones en los estados Aragua, Barinas, Yaracuy, Falc\u00f3n, Bol\u00edvar, Carabobo, Cojedes, Gu\u00e1rico, M\u00e9rida, La Guaira, Lara, Zulia, entre otras entidades.<\/p>\n\n\n\n<p>\u201cRetaron al pueblo los locos del fascismo y ah\u00ed est\u00e1 el pueblo \u2013en las calles- para que vayan respetando\u201d, sentenci\u00f3 el Mandatario.<\/p>\n\n\n\n<p><strong>M\u00e1s de 10.000 personas movilizadas en Falc\u00f3n<\/strong><\/p>\n\n\n\n<p>El pueblo falconiano se hizo sentir en los \u00faltimos d\u00edas, pues m\u00e1s de 10.000 personas participaron de las marchas locales, mientras que alrededor de 3.000 formaron parte del cafecito comunitario y 4.700 hombres, mujeres y j\u00f3venes participaron en los denominados sancochos comunitarios.<\/p>\n\n\n\n<p>\u201cNosotros nos movemos por la pasi\u00f3n y el amor\u201d, expres\u00f3 el presidente Maduro al conversar con jefas y jefes de Unidades Batalla Bol\u00edvar-Ch\u00e1vez (UBCh) del estado Falc\u00f3n, durante la emisi\u00f3n n\u00famero 11 del programa \u201cCon Maduro +\u201d. &nbsp;<\/p>\n\n\n\n<p>El gobernador falconiano, Victor Clark, enfatiz\u00f3 que la \u201cRevoluci\u00f3n Bolivariana ha venido encontrando en esta etapa un renacimiento pol\u00edtico\u201d, al pormenorizar que m\u00e1s de 100 actividades ha hecho Falc\u00f3n, \u201cen encuentro directo con l\u00edderes de las comunidades que est\u00e1n en la defensa del territorio\u201d. &nbsp;<\/p>\n\n\n\n<p><strong>Prensa Presidencial\/Bianca Borrero<\/strong><\/p>\n","protected":false},"excerpt":{"rendered":"<p>Palacio de Miraflores, Caracas.- 37 movilizaciones locales se han desarrollado en parroquias del pa\u00eds por parte de las fuerzas revolucionarias, destac\u00f3 el presidente de la Rep\u00fablica Bolivariana de Venezuela, Nicol\u00e1s Maduro, al detallar que a la fecha un total de 1.694.403 personas han participado en las marchas locales a lo largo y ancho del pa\u00eds. [&hellip;]<\/p>\n","protected":false},"author":6,"featured_media":6059,"comment_status":"open","ping_status":"open","sticky":false,"template":"","format":"standard","meta":{"footnotes":""},"categories":[18,7],"tags":[30,19,27,20],"class_list":["post-6058","post","type-post","status-publish","format-standard","has-post-thumbnail","hentry","category-noticias-principales","category-notas-de-prensa","tag-destacado","tag-nicolas-maduro","tag-revolucion-bolivariana","tag-venezuela"],"_links":{"self":[{"href":"https:\/\/prensapresidencialvenezuela.gob.ve\/index.php\/wp-json\/wp\/v2\/posts\/6058","targetHints":{"allow":["GET"]}}],"collection":[{"href":"https:\/\/prensapresidencialvenezuela.gob.ve\/index.php\/wp-json\/wp\/v2\/posts"}],"about":[{"href":"https:\/\/prensapresidencialvenezuela.gob.ve\/index.php\/wp-json\/wp\/v2\/types\/post"}],"author":[{"embeddable":true,"href":"https:\/\/prensapresidencialvenezuela.gob.ve\/index.php\/wp-json\/wp\/v2\/users\/6"}],"replies":[{"embeddable":true,"href":"https:\/\/prensapresidencialvenezuela.gob.ve\/index.php\/wp-json\/wp\/v2\/comments?post=6058"}],"version-history":[{"count":1,"href":"https:\/\/prensapresidencialvenezuela.gob.ve\/index.php\/wp-json\/wp\/v2\/posts\/6058\/revisions"}],"predecessor-version":[{"id":6060,"href":"https:\/\/prensapresidencialvenezuela.gob.ve\/index.php\/wp-json\/wp\/v2\/posts\/6058\/revisions\/6060"}],"wp:featuredmedia":[{"embeddable":true,"href":"https:\/\/prensapresidencialvenezuela.gob.ve\/index.php\/wp-json\/wp\/v2\/media\/6059"}],"wp:attachment":[{"href":"https:\/\/prensapresidencialvenezuela.gob.ve\/index.php\/wp-json\/wp\/v2\/media?parent=6058"}],"wp:term":[{"taxonomy":"category","embeddable":true,"href":"https:\/\/prensapresidencialvenezuela.gob.ve\/index.php\/wp-json\/wp\/v2\/categories?post=6058"},{"taxonomy":"post_tag","embeddable":true,"href":"https:\/\/prensapresidencialvenezuela.gob.ve\/index.php\/wp-json\/wp\/v2\/tags?post=6058"}],"curies":[{"name":"wp","href":"https:\/\/api.w.org\/{rel}","templated":true}]}}