{"id":6064,"date":"2023-08-04T22:07:38","date_gmt":"2023-08-04T22:07:38","guid":{"rendered":"http:\/\/172.27.0.121\/?p=6064"},"modified":"2023-08-04T22:07:38","modified_gmt":"2023-08-04T22:07:38","slug":"jefe-de-estado-encabeza-acto-con-motivo-a-los-86-aniversario-de-la-gnb","status":"publish","type":"post","link":"https:\/\/prensapresidencialvenezuela.gob.ve\/index.php\/2023\/08\/04\/jefe-de-estado-encabeza-acto-con-motivo-a-los-86-aniversario-de-la-gnb\/","title":{"rendered":"Jefe de Estado encabeza acto con motivo a los 86\u00b0 aniversario de la GNB"},"content":{"rendered":"\n<p><strong>Macarao, Caracas.-<\/strong> El presidente de la Rep\u00fablica Bolivariana de Venezuela y comandante en jefe de la Fuerza Armada Nacional Bolivariana (FANB), Nicol\u00e1s Maduro Moros, encabeza acto con motivo a los 86\u00b0 aniversario de la Guardia Nacional Bolivariana (GNB)), desde el Grupo de Acciones de Comando, ubicado en Macarao.<\/p>\n\n\n\n<p>La GNB es un componente de la FANB, que obtuvo el rango constitucional con el impulso que le dio la Revoluci\u00f3n Bolivariana a trav\u00e9s de la Carta Magna, y cuyo prop\u00f3sito, en palabras de Jefe de Estado, es garantizar la protecci\u00f3n y el servicio al pueblo para as\u00ed resguardar la seguridad interna de la naci\u00f3n.<\/p>\n\n\n\n<p>A prop\u00f3sito de este d\u00eda, en el que participan en la actividad presidencial m\u00e1s de 3.000 mujeres y hombres de la GNB, el presidente Maduro destac\u00f3 el car\u00e1cter protector de este cuerpo castrense.<\/p>\n\n\n\n<p>\u201cLa GNB llega a su 86\u00b0 aniversario con la moral fortalecida en los ideales bolivarianos, formando mujeres y hombres comprometidos con el deber de salvaguardar la integridad de la Patria y la seguridad del Pueblo. Centinelas de la Patria, son un ejemplo valioso de lealtad y sacrificio\u201d, escribi\u00f3 en su cuenta de la red social X @NicolasMaduro.<\/p>\n\n\n\n<p>Acompa\u00f1an al Dignatario, la primera combatiente de la Rep\u00fablica y diputada a la Asamblea Nacional (AN), Cilia Flores; el vicepresidente sectorial de Soberan\u00eda Pol\u00edtica, Seguridad y Paz, Vlad\u00edmir Padrino L\u00f3pez, el comandante Estrat\u00e9gico Operacional de la FANB, Domingo Hern\u00e1ndez L\u00e1rez, junto a oficiales Generales y Almirantes, integrantes del Estado Mayor Superior de la FANB.<\/p>\n\n\n\n<p><strong>Prensa Presidencial\/Eduardo Hueck<\/strong><\/p>\n","protected":false},"excerpt":{"rendered":"<p>Macarao, Caracas.- El presidente de la Rep\u00fablica Bolivariana de Venezuela y comandante en jefe de la Fuerza Armada Nacional Bolivariana (FANB), Nicol\u00e1s Maduro Moros, encabeza acto con motivo a los 86\u00b0 aniversario de la Guardia Nacional Bolivariana (GNB)), desde el Grupo de Acciones de Comando, ubicado en Macarao. La GNB es un componente de la [&hellip;]<\/p>\n","protected":false},"author":6,"featured_media":6065,"comment_status":"open","ping_status":"open","sticky":false,"template":"","format":"standard","meta":{"footnotes":""},"categories":[18,7],"tags":[30,34,19,20],"class_list":["post-6064","post","type-post","status-publish","format-standard","has-post-thumbnail","hentry","category-noticias-principales","category-notas-de-prensa","tag-destacado","tag-gnb","tag-nicolas-maduro","tag-venezuela"],"_links":{"self":[{"href":"https:\/\/prensapresidencialvenezuela.gob.ve\/index.php\/wp-json\/wp\/v2\/posts\/6064","targetHints":{"allow":["GET"]}}],"collection":[{"href":"https:\/\/prensapresidencialvenezuela.gob.ve\/index.php\/wp-json\/wp\/v2\/posts"}],"about":[{"href":"https:\/\/prensapresidencialvenezuela.gob.ve\/index.php\/wp-json\/wp\/v2\/types\/post"}],"author":[{"embeddable":true,"href":"https:\/\/prensapresidencialvenezuela.gob.ve\/index.php\/wp-json\/wp\/v2\/users\/6"}],"replies":[{"embeddable":true,"href":"https:\/\/prensapresidencialvenezuela.gob.ve\/index.php\/wp-json\/wp\/v2\/comments?post=6064"}],"version-history":[{"count":1,"href":"https:\/\/prensapresidencialvenezuela.gob.ve\/index.php\/wp-json\/wp\/v2\/posts\/6064\/revisions"}],"predecessor-version":[{"id":6066,"href":"https:\/\/prensapresidencialvenezuela.gob.ve\/index.php\/wp-json\/wp\/v2\/posts\/6064\/revisions\/6066"}],"wp:featuredmedia":[{"embeddable":true,"href":"https:\/\/prensapresidencialvenezuela.gob.ve\/index.php\/wp-json\/wp\/v2\/media\/6065"}],"wp:attachment":[{"href":"https:\/\/prensapresidencialvenezuela.gob.ve\/index.php\/wp-json\/wp\/v2\/media?parent=6064"}],"wp:term":[{"taxonomy":"category","embeddable":true,"href":"https:\/\/prensapresidencialvenezuela.gob.ve\/index.php\/wp-json\/wp\/v2\/categories?post=6064"},{"taxonomy":"post_tag","embeddable":true,"href":"https:\/\/prensapresidencialvenezuela.gob.ve\/index.php\/wp-json\/wp\/v2\/tags?post=6064"}],"curies":[{"name":"wp","href":"https:\/\/api.w.org\/{rel}","templated":true}]}}