{"id":6104,"date":"2023-08-08T16:52:20","date_gmt":"2023-08-08T16:52:20","guid":{"rendered":"http:\/\/172.27.0.121\/?p=6104"},"modified":"2023-08-08T16:52:20","modified_gmt":"2023-08-08T16:52:20","slug":"otca-apunta-a-su-fortalecimiento-en-cooperacion-con-paises-amazonicos","status":"publish","type":"post","link":"https:\/\/prensapresidencialvenezuela.gob.ve\/index.php\/2023\/08\/08\/otca-apunta-a-su-fortalecimiento-en-cooperacion-con-paises-amazonicos\/","title":{"rendered":"OTCA apunta a su fortalecimiento en cooperaci\u00f3n con pa\u00edses amaz\u00f3nicos \u00a0"},"content":{"rendered":"\n<p><strong>Bel\u00e9m, estado de Par\u00e1. \u2013<\/strong>La secretaria General de la Organizaci\u00f3n del Tratado de Cooperaci\u00f3n Amaz\u00f3nica (OTCA), Mar\u00eda Moreira, agradeci\u00f3 a los representantes y gobernantes de los 8 pa\u00edses con territorio amaz\u00f3nico, por escuchar \u201cnuestra solicitud de fortalecer y modernizar esta institucionalidad\u201d, destac\u00f3, al insistir que esta instancia creada en 1998 requiere de condiciones y herramientas actualizadas para trabajar en esta \u00e9poca.<\/p>\n\n\n\n<p>La representante de este organismo destac\u00f3 que \u201cesta declaraci\u00f3n es un compromiso en\u00e9rgico y osado con una visi\u00f3n integral el tratado de entender a la Amazonia es una dimensi\u00f3n como un bioma de complejas interconexiones que requieren medidas de gesti\u00f3n a nivel sist\u00e9mico, transfronterizo, multisectorial y multinivel y que est\u00e1 enfrentando una serie de amenazas que atentan contra su integridad\u201d.<\/p>\n\n\n\n<p>En esa l\u00ednea, abog\u00f3 por la implementaci\u00f3n como primer punto la urgencia de actuaci\u00f3n inmediata y pragm\u00e1tica; y en segundo lugar \u201cque estas acciones y desarrollo de pol\u00edticas p\u00fablicas est\u00e9n basadas en evidencia cient\u00edfica y producci\u00f3n de escenarios y datos propios\u201d.<\/p>\n\n\n\n<p>Enfatiz\u00f3 la importancia en el combate contra la deforestaci\u00f3n y el crimen organizado instalados en los territorios cercanos a la amazonia, pues el objetivo es \u201cconservar su biodiversidad y enorme y perfecta m\u00e1quina de producci\u00f3n de humedad y agua que alberga la cuenca m\u00e1s extensa del planeta, que aporta 20% de agua dulce al mundo entero y esto se convierte en 70% de agua en Am\u00e9rica del Sur\u201d, indic\u00f3.<\/p>\n\n\n\n<p>Asimismo, inst\u00f3 a los representantes y Estados a enviar un mensaje claro a la comunidad internacional de respeto y reconocimiento a los trabajos que este organismo realiza en la&nbsp; amazonia.<\/p>\n\n\n\n<p>\u201cEl respaldo de la OTCA tambi\u00e9n deber\u00e1 conllevar un mensaje dentro y fuera de nuestros pa\u00edses, a la comunidad internacional, el mensaje de respeto y reconocimiento como \u00fanico organismo que trabaja a nivel de los ocho pa\u00edses cual debe ser preservado al m\u00e1s alto nivel\u201d, subray\u00f3.<\/p>\n\n\n\n<p>Por otra parte, detall\u00f3 que los m\u00e1s de 400 pueblos ind\u00edgenas de esta zona \u201crequieren de oportunidades y condiciones como el acceso al agua potable presididos gesti\u00f3n de residuos, saneamiento b\u00e1sico, salud, acceso al Internet, entre otras\u201d.<\/p>\n\n\n\n<p><strong>Prensa Presidencial \/ Eduardo Hueck<\/strong><\/p>\n","protected":false},"excerpt":{"rendered":"<p>Bel\u00e9m, estado de Par\u00e1. \u2013La secretaria General de la Organizaci\u00f3n del Tratado de Cooperaci\u00f3n Amaz\u00f3nica (OTCA), Mar\u00eda Moreira, agradeci\u00f3 a los representantes y gobernantes de los 8 pa\u00edses con territorio amaz\u00f3nico, por escuchar \u201cnuestra solicitud de fortalecer y modernizar esta institucionalidad\u201d, destac\u00f3, al insistir que esta instancia creada en 1998 requiere de condiciones y herramientas [&hellip;]<\/p>\n","protected":false},"author":6,"featured_media":6105,"comment_status":"open","ping_status":"open","sticky":false,"template":"","format":"standard","meta":{"footnotes":""},"categories":[18,7],"tags":[30,19,27,20],"class_list":["post-6104","post","type-post","status-publish","format-standard","has-post-thumbnail","hentry","category-noticias-principales","category-notas-de-prensa","tag-destacado","tag-nicolas-maduro","tag-revolucion-bolivariana","tag-venezuela"],"_links":{"self":[{"href":"https:\/\/prensapresidencialvenezuela.gob.ve\/index.php\/wp-json\/wp\/v2\/posts\/6104","targetHints":{"allow":["GET"]}}],"collection":[{"href":"https:\/\/prensapresidencialvenezuela.gob.ve\/index.php\/wp-json\/wp\/v2\/posts"}],"about":[{"href":"https:\/\/prensapresidencialvenezuela.gob.ve\/index.php\/wp-json\/wp\/v2\/types\/post"}],"author":[{"embeddable":true,"href":"https:\/\/prensapresidencialvenezuela.gob.ve\/index.php\/wp-json\/wp\/v2\/users\/6"}],"replies":[{"embeddable":true,"href":"https:\/\/prensapresidencialvenezuela.gob.ve\/index.php\/wp-json\/wp\/v2\/comments?post=6104"}],"version-history":[{"count":1,"href":"https:\/\/prensapresidencialvenezuela.gob.ve\/index.php\/wp-json\/wp\/v2\/posts\/6104\/revisions"}],"predecessor-version":[{"id":6106,"href":"https:\/\/prensapresidencialvenezuela.gob.ve\/index.php\/wp-json\/wp\/v2\/posts\/6104\/revisions\/6106"}],"wp:featuredmedia":[{"embeddable":true,"href":"https:\/\/prensapresidencialvenezuela.gob.ve\/index.php\/wp-json\/wp\/v2\/media\/6105"}],"wp:attachment":[{"href":"https:\/\/prensapresidencialvenezuela.gob.ve\/index.php\/wp-json\/wp\/v2\/media?parent=6104"}],"wp:term":[{"taxonomy":"category","embeddable":true,"href":"https:\/\/prensapresidencialvenezuela.gob.ve\/index.php\/wp-json\/wp\/v2\/categories?post=6104"},{"taxonomy":"post_tag","embeddable":true,"href":"https:\/\/prensapresidencialvenezuela.gob.ve\/index.php\/wp-json\/wp\/v2\/tags?post=6104"}],"curies":[{"name":"wp","href":"https:\/\/api.w.org\/{rel}","templated":true}]}}