{"id":6113,"date":"2023-08-08T16:58:57","date_gmt":"2023-08-08T16:58:57","guid":{"rendered":"http:\/\/172.27.0.121\/?p=6113"},"modified":"2023-08-08T16:58:57","modified_gmt":"2023-08-08T16:58:57","slug":"bolivia-rechaza-intento-de-dominacion-y-explotacion-en-la-amazonia","status":"publish","type":"post","link":"https:\/\/prensapresidencialvenezuela.gob.ve\/index.php\/2023\/08\/08\/bolivia-rechaza-intento-de-dominacion-y-explotacion-en-la-amazonia\/","title":{"rendered":"Bolivia rechaza intento de dominaci\u00f3n y explotaci\u00f3n en la Amazon\u00eda"},"content":{"rendered":"\n<p><strong>Ciudad de Bel\u00e9m, estado de Par\u00e1.-<\/strong> \u201cRechazamos enf\u00e1ticamente cualquier intento de dominaci\u00f3n y explotaci\u00f3n de la regi\u00f3n por parte de potencias extranjeras, as\u00ed como la instrumentalizaci\u00f3n de intereses geopol\u00edticos que pongan en riesgo la armon\u00eda de la amazonia\u201d.<\/p>\n\n\n\n<p>La denuncia corresponde al presidente del Estado Plurinacional de Bolivia, Luis Arce, quien destac\u00f3 que para su naci\u00f3n \u201ces preocupante que la visi\u00f3n geopol\u00edtica de algunas potencias extranjeras puedan poner en riesgo el bienestar, no s\u00f3lo de las comunidades locales y la riqueza de su conocimiento ancestral, sino aquellos componentes estrat\u00e9gicos como las fuentes de agua dulce o la biodiversidad de la amazonia\u201d.<\/p>\n\n\n\n<p>Arce record\u00f3 a los gobernantes que asistieron a la Cumbre de la Amazon\u00eda, las declaraciones de Laura Richardson, comandante del Comando Sur de los Estados Unidos, \u201cquien dijo que Latinoam\u00e9rica es rica en recursos minerales, tierras raras, el tri\u00e1ngulo del litio esta en esa regi\u00f3n -hay muchas cosas dijo- que esta regi\u00f3n tiene para ofrecer\u201d, detall\u00f3.<\/p>\n\n\n\n<p>Denuncio que hay una insistencia en querer controlar militarmente esta zona rica en biodiversidad.<\/p>\n\n\n\n<p>\u201cEs algo que nos debe llamar la atenci\u00f3n y estar muy atentos, pero en esa visi\u00f3n es preocupante que Europa est\u00e9 en la misma posici\u00f3n, aunque con formas distintas. Unos quieren controlar la Amazon\u00eda por medios militares y de ONGs \u2013Organizaciones No Gubernamentales-. No aceptamos formas abiertas y encubiertas de querer controlar la Amazon\u00eda\u201d, sentenci\u00f3.<\/p>\n\n\n\n<p>En este sentido, insisti\u00f3 en la importancia de hacer respetar la soberan\u00eda y autodeterminaci\u00f3n de los pa\u00edses de la regi\u00f3n, asimismo, destac\u00f3 que est\u00e1n abiertos a trabajar en conjunto con otros pa\u00edses para solventar estos desaf\u00edos ambientales.<\/p>\n\n\n\n<p>\u201cDebemos impulsar un multilateralismo eficaz, pragm\u00e1tico y robusto que nos permite enfrentar estos desaf\u00edos cr\u00edticos porque el sol de la cooperaci\u00f3n es fundamental (\u2026) abogamos por la cooperaci\u00f3n regional e internacional para enfrentar los desaf\u00edos ambientales y sociales de la regi\u00f3n amaz\u00f3nica\u201d, subray\u00f3.<\/p>\n\n\n\n<p>El Jefe de Estado boliviano al indicar que la Amazon\u00eda produce alrededor del 20 por ciento del ox\u00edgeno del planeta, zona conocida \u201ccomo el pulm\u00f3n del mundo\u201d, y \u201cque absorbe grandes cantidades de di\u00f3xido de carbono, ayudando a mitigar el cambio clim\u00e1tico y regulando el clima global\u201d, reiter\u00f3 su llamado, a los gobernantes para la preservaci\u00f3n y la promoci\u00f3n de un desarrollo sostenible que este en armon\u00eda con la Madre Tierra.<\/p>\n\n\n\n<p><strong>Prensa Presidencial \/ Eduardo Hueck<\/strong><\/p>\n","protected":false},"excerpt":{"rendered":"<p>Ciudad de Bel\u00e9m, estado de Par\u00e1.- \u201cRechazamos enf\u00e1ticamente cualquier intento de dominaci\u00f3n y explotaci\u00f3n de la regi\u00f3n por parte de potencias extranjeras, as\u00ed como la instrumentalizaci\u00f3n de intereses geopol\u00edticos que pongan en riesgo la armon\u00eda de la amazonia\u201d. La denuncia corresponde al presidente del Estado Plurinacional de Bolivia, Luis Arce, quien destac\u00f3 que para su [&hellip;]<\/p>\n","protected":false},"author":6,"featured_media":6114,"comment_status":"open","ping_status":"open","sticky":false,"template":"","format":"standard","meta":{"footnotes":""},"categories":[18,7],"tags":[30,19,27,20],"class_list":["post-6113","post","type-post","status-publish","format-standard","has-post-thumbnail","hentry","category-noticias-principales","category-notas-de-prensa","tag-destacado","tag-nicolas-maduro","tag-revolucion-bolivariana","tag-venezuela"],"_links":{"self":[{"href":"https:\/\/prensapresidencialvenezuela.gob.ve\/index.php\/wp-json\/wp\/v2\/posts\/6113","targetHints":{"allow":["GET"]}}],"collection":[{"href":"https:\/\/prensapresidencialvenezuela.gob.ve\/index.php\/wp-json\/wp\/v2\/posts"}],"about":[{"href":"https:\/\/prensapresidencialvenezuela.gob.ve\/index.php\/wp-json\/wp\/v2\/types\/post"}],"author":[{"embeddable":true,"href":"https:\/\/prensapresidencialvenezuela.gob.ve\/index.php\/wp-json\/wp\/v2\/users\/6"}],"replies":[{"embeddable":true,"href":"https:\/\/prensapresidencialvenezuela.gob.ve\/index.php\/wp-json\/wp\/v2\/comments?post=6113"}],"version-history":[{"count":1,"href":"https:\/\/prensapresidencialvenezuela.gob.ve\/index.php\/wp-json\/wp\/v2\/posts\/6113\/revisions"}],"predecessor-version":[{"id":6115,"href":"https:\/\/prensapresidencialvenezuela.gob.ve\/index.php\/wp-json\/wp\/v2\/posts\/6113\/revisions\/6115"}],"wp:featuredmedia":[{"embeddable":true,"href":"https:\/\/prensapresidencialvenezuela.gob.ve\/index.php\/wp-json\/wp\/v2\/media\/6114"}],"wp:attachment":[{"href":"https:\/\/prensapresidencialvenezuela.gob.ve\/index.php\/wp-json\/wp\/v2\/media?parent=6113"}],"wp:term":[{"taxonomy":"category","embeddable":true,"href":"https:\/\/prensapresidencialvenezuela.gob.ve\/index.php\/wp-json\/wp\/v2\/categories?post=6113"},{"taxonomy":"post_tag","embeddable":true,"href":"https:\/\/prensapresidencialvenezuela.gob.ve\/index.php\/wp-json\/wp\/v2\/tags?post=6113"}],"curies":[{"name":"wp","href":"https:\/\/api.w.org\/{rel}","templated":true}]}}