{"id":6119,"date":"2023-08-08T21:01:55","date_gmt":"2023-08-08T21:01:55","guid":{"rendered":"http:\/\/172.27.0.121\/?p=6119"},"modified":"2023-08-08T21:01:55","modified_gmt":"2023-08-08T21:01:55","slug":"declarar-emergencia-regional-de-los-paises-amazonicos-propone-venezuela-en-cumbre-de-belem","status":"publish","type":"post","link":"https:\/\/prensapresidencialvenezuela.gob.ve\/index.php\/2023\/08\/08\/declarar-emergencia-regional-de-los-paises-amazonicos-propone-venezuela-en-cumbre-de-belem\/","title":{"rendered":"Declarar emergencia regional de los pa\u00edses amaz\u00f3nicos propone Venezuela en cumbre de Bel\u00e9m"},"content":{"rendered":"\n<p><strong>Ciudad de Bel\u00e9m, Estado de Par\u00e1.-<\/strong> Declarar la emergencia regional de los pa\u00edses amaz\u00f3nicos, es la propuesta del presidente de la Rep\u00fablica Bolivariana de Venezuela, Nicol\u00e1s Maduro, en el marco de la Cumbre de Amazonia, que se desarrolla en la ciudad de Bel\u00e9m, Estado de Par\u00e1.<\/p>\n\n\n\n<p>El planteamiento lo elev\u00f3 ante la Reuni\u00f3n de los Jefes de Estado y de Gobierno de los pa\u00edses signatarios del TCA, desde el Hangar Centro de Convenciones, Sala Amazonia, la vicepresidenta Ejecutiva de la Rep\u00fablica, Delcy Rodr\u00edguez.<\/p>\n\n\n\n<p>La funcionaria venezolana puntualiz\u00f3 propuesta del presidente Nicol\u00e1s Maduro, diciendo que est\u00e1 tambi\u00e9n contempla la necesidad de entender que se vive una verdadera crisis cuando \u201cobservamos la significancia y cuando sabemos la afectaci\u00f3n que existe en la cuenca&nbsp; amaz\u00f3nica\u201d.<\/p>\n\n\n\n<p>En tanto \u2013 explic\u00f3 Rodr\u00edguez \u2013 Nicol\u00e1s Maduro propone la creaci\u00f3n de una gran fuerza de tarea ambiental de la OTCA, donde est\u00e9n representadas las canciller\u00edas, ministerios de ambiente, defensa, como \u201cinstancias de articulaci\u00f3n y de uni\u00f3n para abordar una situaci\u00f3n (\u2026) de manera conjunta\u201d.<\/p>\n\n\n\n<p>Llama el presidente Maduro en su segundo eje a impulsar un \u201cplan de deforestaci\u00f3n cero\u201d que permita \u201cpatear las \u00e1reas cr\u00edticas (\u2026) entender la verdadera emisi\u00f3n de los gases invernaderos y tener pr\u00e1cticas sostenibles como alternativa econ\u00f3mica.<\/p>\n\n\n\n<p>En su tercer eje, propone el jefe de Estado venezolano un plan de reforestaci\u00f3n y regeneraci\u00f3n de la Amazonia, en donde se inscribe la creaci\u00f3n del Banco de semillas amaz\u00f3nicas que permita preservar la biodiversidad de esta regi\u00f3n.<\/p>\n\n\n\n<p>Crear igualmente un fondo amaz\u00f3nico para el combate de incendios forestales e implementar las zonas de protecci\u00f3n, plantea el presidente Maduro.<\/p>\n\n\n\n<p>La Vicepresidenta argument\u00f3 que la Cumbre de Amazonia convoca a pensar en una identidad amaz\u00f3nica, en fortalecer la institucionalidad pero tambi\u00e9n pensar en \u00bfqu\u00e9 significa la identidad amaz\u00f3nica?.<\/p>\n\n\n\n<p>En tanto, en presidente Maduro insta, se\u00f1alo la Vicepresidenta en en su discurso, en un eje cuarto a la eliminaci\u00f3n de uso de metales pesados en las actividades mineras. \u201cUna prohibici\u00f3n total y ah\u00ed es muy importante la articulaci\u00f3n con un parlamento amaz\u00f3nico\u201d.<\/p>\n\n\n\n<p>En el eje quinto, la Vicepresidenta esboz\u00f3 las propuesta del Dignatario venezolano que gira en torno a la erradicaci\u00f3n de la miner\u00eda ilegal y la sustituci\u00f3n por pr\u00e1cticas mineras responsables.<\/p>\n\n\n\n<p>Asimismo, Venezuela insta a crear el Centro de Investigaci\u00f3n Amaz\u00f3nica que permita tener instrumentos y mecanismos claves para monitorear \u201cla verdadera crisis que se nos puede estar presentando\u201d y que de paso a un Consejo Cient\u00edfico Amaz\u00f3nico para la Preservaci\u00f3n de la Biodiversidad y los saberes ancestrales y comunitarios que han permitido la presentaci\u00f3n de esa biodiversidad.<\/p>\n\n\n\n<p>Tambi\u00e9n propone el jefe de Estado venezolano el lanzamiento de un sat\u00e9lite amaz\u00f3nico que permita la percepci\u00f3n remota de la regi\u00f3n amaz\u00f3nica, as\u00ed como un plan de desarrollo sostenible, econ\u00f3mico y soberano, luego de que el \u00e1rea ha perdido el 20% de extensi\u00f3n por actividades il\u00edcitas.<\/p>\n\n\n\n<p>De igual manera, el presidente Maduro propuso la institucionalidad de la organizaci\u00f3n, para lo que se inst\u00f3 a crear consejos de ministros, de ambiente, tecnolog\u00eda , salud, defensa, seguridad, ecolog\u00eda, pueblos ind\u00edgenas, colocando toda la potencialidad de los Estados en una institucionalidad que no postergue el plan acci\u00f3n concreto.<\/p>\n\n\n\n<p>Al inicio de su discurso, la vicepresidenta Ejecutiva felicit\u00f3 al presidentes Luiz In\u00e1cio Lula Da Silva por la organizaci\u00f3n de la cumbre, que calific\u00f3 una \u201ctrascendental\u201d y que \u201cha dado la oportunidad de tiempos suficientes para pensar, generar debates y reflexi\u00f3n\u201d.<\/p>\n\n\n\n<p>En sus palabras, consider\u00f3 importante resaltar el significado de la Cuenca Amaz\u00f3nica para la regi\u00f3n y el mundo.<\/p>\n\n\n\n<p>En esa l\u00ednea, destac\u00f3 que es la Cuenca con mayor diversidad biol\u00f3gica del mundo y con los r\u00edos m\u00e1s extensos que cargan el 20% de agua dulce en el Atl\u00e1ntico.<\/p>\n\n\n\n<p>Adem\u00e1s, representa el 40% de la selva tropical del mundo, el 25% de la biodiversidad y la mayor cantidad de especies en sus espacios fluviales.<\/p>\n\n\n\n<p>Es un gran capturador -dijo- del 10% de carbono emitido a nivel mundial y adem\u00e1s suministra el 10% del ox\u00edgeno para la humanidad, dijo al exponer las graves amenaza que se ciernen sobre la regi\u00f3n.<\/p>\n\n\n\n<p><strong>Prensa Presidencial \/ Anais P\u00e9rez<\/strong><\/p>\n","protected":false},"excerpt":{"rendered":"<p>Ciudad de Bel\u00e9m, Estado de Par\u00e1.- Declarar la emergencia regional de los pa\u00edses amaz\u00f3nicos, es la propuesta del presidente de la Rep\u00fablica Bolivariana de Venezuela, Nicol\u00e1s Maduro, en el marco de la Cumbre de Amazonia, que se desarrolla en la ciudad de Bel\u00e9m, Estado de Par\u00e1. El planteamiento lo elev\u00f3 ante la Reuni\u00f3n de los [&hellip;]<\/p>\n","protected":false},"author":6,"featured_media":6122,"comment_status":"open","ping_status":"open","sticky":false,"template":"","format":"standard","meta":{"footnotes":""},"categories":[18,7],"tags":[],"class_list":["post-6119","post","type-post","status-publish","format-standard","has-post-thumbnail","hentry","category-noticias-principales","category-notas-de-prensa"],"_links":{"self":[{"href":"https:\/\/prensapresidencialvenezuela.gob.ve\/index.php\/wp-json\/wp\/v2\/posts\/6119","targetHints":{"allow":["GET"]}}],"collection":[{"href":"https:\/\/prensapresidencialvenezuela.gob.ve\/index.php\/wp-json\/wp\/v2\/posts"}],"about":[{"href":"https:\/\/prensapresidencialvenezuela.gob.ve\/index.php\/wp-json\/wp\/v2\/types\/post"}],"author":[{"embeddable":true,"href":"https:\/\/prensapresidencialvenezuela.gob.ve\/index.php\/wp-json\/wp\/v2\/users\/6"}],"replies":[{"embeddable":true,"href":"https:\/\/prensapresidencialvenezuela.gob.ve\/index.php\/wp-json\/wp\/v2\/comments?post=6119"}],"version-history":[{"count":1,"href":"https:\/\/prensapresidencialvenezuela.gob.ve\/index.php\/wp-json\/wp\/v2\/posts\/6119\/revisions"}],"predecessor-version":[{"id":6123,"href":"https:\/\/prensapresidencialvenezuela.gob.ve\/index.php\/wp-json\/wp\/v2\/posts\/6119\/revisions\/6123"}],"wp:featuredmedia":[{"embeddable":true,"href":"https:\/\/prensapresidencialvenezuela.gob.ve\/index.php\/wp-json\/wp\/v2\/media\/6122"}],"wp:attachment":[{"href":"https:\/\/prensapresidencialvenezuela.gob.ve\/index.php\/wp-json\/wp\/v2\/media?parent=6119"}],"wp:term":[{"taxonomy":"category","embeddable":true,"href":"https:\/\/prensapresidencialvenezuela.gob.ve\/index.php\/wp-json\/wp\/v2\/categories?post=6119"},{"taxonomy":"post_tag","embeddable":true,"href":"https:\/\/prensapresidencialvenezuela.gob.ve\/index.php\/wp-json\/wp\/v2\/tags?post=6119"}],"curies":[{"name":"wp","href":"https:\/\/api.w.org\/{rel}","templated":true}]}}