{"id":6130,"date":"2023-08-08T21:57:05","date_gmt":"2023-08-08T21:57:05","guid":{"rendered":"http:\/\/172.27.0.121\/?p=6130"},"modified":"2023-08-08T21:57:05","modified_gmt":"2023-08-08T21:57:05","slug":"venezuela-traza-ruta-para-la-revitalizacion-de-la-amazonia","status":"publish","type":"post","link":"https:\/\/prensapresidencialvenezuela.gob.ve\/index.php\/2023\/08\/08\/venezuela-traza-ruta-para-la-revitalizacion-de-la-amazonia\/","title":{"rendered":"Venezuela traza ruta para la revitalizaci\u00f3n de la Amazonia"},"content":{"rendered":"\n<p><strong>Bel\u00e9m, estado de Par\u00e1.- <\/strong>El canciller de la Rep\u00fablica, Yv\u00e1n Gil Pinto, asegur\u00f3 que Venezuela present\u00f3 la propuesta que permitir\u00e1 trazar la ruta para la revitalizaci\u00f3n de la OTCA (Organizaci\u00f3n del Tratado de Cooperaci\u00f3n Amaz\u00f3nica), como elemento promotor para impulsar acciones en pro de la Amazonia.<\/p>\n\n\n\n<p>Venezuela ha hablado claro y expres\u00f3 cu\u00e1les son las amenazas que enfrenta la Amazonia, que van desde la miner\u00eda ilegal, la explotaci\u00f3n irracional de los recursos naturales y la presencia de agentes externos que solo quieren lucrarse y buscan la mercantilizaci\u00f3n de la amazona\u201d, sentenci\u00f3 el tambi\u00e9n ministro del Poder Popular para Relaciones Exteriores, al t\u00e9rmino del primer d\u00eda de trabajo de la Cumbre Amaz\u00f3nica que se desarrolla en el Centro de Convenciones, en Bel\u00e9m, Brasil.<\/p>\n\n\n\n<p>Al respecto, precis\u00f3 que el fortalecimiento de toda la institucionalidad de la OTCA, sentar\u00e1 las bases para la unidad de los pa\u00edses amaz\u00f3nicos, as\u00ed como tambi\u00e9n las l\u00edneas estrat\u00e9gicas de trabajo del bloque.<\/p>\n\n\n\n<p>Asimismo, ratific\u00f3 que el plan presentado por Venezuela incluye el rechazo a la imposici\u00f3n de medidas coercitivas unilaterales que limitan en desarrollo de los pueblos. \u201cLas comunidades que habitan el Amazona son el centro de atenci\u00f3n y debemos trabajar par que tengan oportunidades de desarrollo sustentable\u201d.<\/p>\n\n\n\n<p>Al respecto, explic\u00f3 que en ellos pr\u00f3ximos meses se llevar\u00e1 a cabo el plan de trabajo \u201cde manera pr\u00e1ctica para el desarrollo de estos puntos a trav\u00e9s de la Organizaci\u00f3n\u201d.<\/p>\n\n\n\n<p>Por su parte, el ministro del Poder Popular para el Ecosocialismo, Josu\u00e9 Lorca, asegur\u00f3 que \u201cuna de las cosas fundamentales que buscan las pretensiones de la derecha es poner sus garras sobre la amazonia que es el pulm\u00f3n del mundo y que contiene la mayor\u00eda de los recursos h\u00eddricos del mundo\u201d, sentenci\u00f3 Lorca.<\/p>\n\n\n\n<p>\u201cSe trata de un plan para avanzar de manera cient\u00edfica y t\u00e9cnica en la deforestaci\u00f3n cero en cada uno de los pa\u00edses de nuestra amazonia, adem\u00e1s de la necesaria declaratoria de emergencia estos pa\u00edses y pueblos ind\u00edgenas juegan un papel fundamental\u201d, expres\u00f3 Lorca.<\/p>\n\n\n\n<p><strong>Prensa Presidencial\/Joelin Jim\u00e9nez<\/strong><\/p>\n","protected":false},"excerpt":{"rendered":"<p>Bel\u00e9m, estado de Par\u00e1.- El canciller de la Rep\u00fablica, Yv\u00e1n Gil Pinto, asegur\u00f3 que Venezuela present\u00f3 la propuesta que permitir\u00e1 trazar la ruta para la revitalizaci\u00f3n de la OTCA (Organizaci\u00f3n del Tratado de Cooperaci\u00f3n Amaz\u00f3nica), como elemento promotor para impulsar acciones en pro de la Amazonia. Venezuela ha hablado claro y expres\u00f3 cu\u00e1les son las [&hellip;]<\/p>\n","protected":false},"author":6,"featured_media":6131,"comment_status":"open","ping_status":"open","sticky":false,"template":"","format":"standard","meta":{"footnotes":""},"categories":[18,7],"tags":[30,19,27,20],"class_list":["post-6130","post","type-post","status-publish","format-standard","has-post-thumbnail","hentry","category-noticias-principales","category-notas-de-prensa","tag-destacado","tag-nicolas-maduro","tag-revolucion-bolivariana","tag-venezuela"],"_links":{"self":[{"href":"https:\/\/prensapresidencialvenezuela.gob.ve\/index.php\/wp-json\/wp\/v2\/posts\/6130","targetHints":{"allow":["GET"]}}],"collection":[{"href":"https:\/\/prensapresidencialvenezuela.gob.ve\/index.php\/wp-json\/wp\/v2\/posts"}],"about":[{"href":"https:\/\/prensapresidencialvenezuela.gob.ve\/index.php\/wp-json\/wp\/v2\/types\/post"}],"author":[{"embeddable":true,"href":"https:\/\/prensapresidencialvenezuela.gob.ve\/index.php\/wp-json\/wp\/v2\/users\/6"}],"replies":[{"embeddable":true,"href":"https:\/\/prensapresidencialvenezuela.gob.ve\/index.php\/wp-json\/wp\/v2\/comments?post=6130"}],"version-history":[{"count":1,"href":"https:\/\/prensapresidencialvenezuela.gob.ve\/index.php\/wp-json\/wp\/v2\/posts\/6130\/revisions"}],"predecessor-version":[{"id":6132,"href":"https:\/\/prensapresidencialvenezuela.gob.ve\/index.php\/wp-json\/wp\/v2\/posts\/6130\/revisions\/6132"}],"wp:featuredmedia":[{"embeddable":true,"href":"https:\/\/prensapresidencialvenezuela.gob.ve\/index.php\/wp-json\/wp\/v2\/media\/6131"}],"wp:attachment":[{"href":"https:\/\/prensapresidencialvenezuela.gob.ve\/index.php\/wp-json\/wp\/v2\/media?parent=6130"}],"wp:term":[{"taxonomy":"category","embeddable":true,"href":"https:\/\/prensapresidencialvenezuela.gob.ve\/index.php\/wp-json\/wp\/v2\/categories?post=6130"},{"taxonomy":"post_tag","embeddable":true,"href":"https:\/\/prensapresidencialvenezuela.gob.ve\/index.php\/wp-json\/wp\/v2\/tags?post=6130"}],"curies":[{"name":"wp","href":"https:\/\/api.w.org\/{rel}","templated":true}]}}