{"id":6136,"date":"2023-08-08T22:02:56","date_gmt":"2023-08-08T22:02:56","guid":{"rendered":"http:\/\/172.27.0.121\/?p=6136"},"modified":"2023-08-08T22:02:56","modified_gmt":"2023-08-08T22:02:56","slug":"canciller-yvan-gil-evaluo-desafios-en-materia-energetica-en-la-region-con-petrobras","status":"publish","type":"post","link":"https:\/\/prensapresidencialvenezuela.gob.ve\/index.php\/2023\/08\/08\/canciller-yvan-gil-evaluo-desafios-en-materia-energetica-en-la-region-con-petrobras\/","title":{"rendered":"Canciller Yv\u00e1n Gil evalu\u00f3 desaf\u00edos en materia energ\u00e9tica en la regi\u00f3n con Petrobras"},"content":{"rendered":"\n<p><strong>Ciudad de Bel\u00e9m, Estado de Par\u00e1.-<\/strong> En un ambiente de cordialidad y cooperaci\u00f3n, el canciller de la Rep\u00fablica Bolivariana de Venezuela, Yv\u00e1n Gil, sostuvo un encuentro con el presidente de Petr\u00f3leo Brasileiro S.A (Petrobras), Jean Paul Terra Prates, para abordar temas cruciales relacionados con la realidad y desaf\u00edos en materia energ\u00e9tica en la regi\u00f3n.<\/p>\n\n\n\n<p>Durante el encuentro, ambas partes intercambiaron informaci\u00f3n valiosa sobre el escenario mundial y compartieron los potenciales energ\u00e9ticos de sus respectivos pa\u00edses.<\/p>\n\n\n\n<p>Se conoci\u00f3 que la reuni\u00f3n, que tuvo lugar en un ambiente de cordialidad y cooperaci\u00f3n, permiti\u00f3 un di\u00e1logo franco y constructivo sobre los temas energ\u00e9ticos claves.<\/p>\n\n\n\n<p>En mayo de este a\u00f1o, Jean Paul Terra Prates refiri\u00f3 que estaban preparados para una nueva fase, en la que sumar\u00edan a pa\u00edses vecinos como Bolivia y Venezuela, para debatir nuevas potencialidades de exploraci\u00f3n de gas y preparaci\u00f3n de empresas para el tema energ\u00e9tico.<\/p>\n\n\n\n<p><strong>Prensa Presidencial \/ Anais P\u00e9rez<\/strong><\/p>\n","protected":false},"excerpt":{"rendered":"<p>Ciudad de Bel\u00e9m, Estado de Par\u00e1.- En un ambiente de cordialidad y cooperaci\u00f3n, el canciller de la Rep\u00fablica Bolivariana de Venezuela, Yv\u00e1n Gil, sostuvo un encuentro con el presidente de Petr\u00f3leo Brasileiro S.A (Petrobras), Jean Paul Terra Prates, para abordar temas cruciales relacionados con la realidad y desaf\u00edos en materia energ\u00e9tica en la regi\u00f3n. Durante [&hellip;]<\/p>\n","protected":false},"author":6,"featured_media":6137,"comment_status":"open","ping_status":"open","sticky":false,"template":"","format":"standard","meta":{"footnotes":""},"categories":[18,7],"tags":[30,19,27,20],"class_list":["post-6136","post","type-post","status-publish","format-standard","has-post-thumbnail","hentry","category-noticias-principales","category-notas-de-prensa","tag-destacado","tag-nicolas-maduro","tag-revolucion-bolivariana","tag-venezuela"],"_links":{"self":[{"href":"https:\/\/prensapresidencialvenezuela.gob.ve\/index.php\/wp-json\/wp\/v2\/posts\/6136","targetHints":{"allow":["GET"]}}],"collection":[{"href":"https:\/\/prensapresidencialvenezuela.gob.ve\/index.php\/wp-json\/wp\/v2\/posts"}],"about":[{"href":"https:\/\/prensapresidencialvenezuela.gob.ve\/index.php\/wp-json\/wp\/v2\/types\/post"}],"author":[{"embeddable":true,"href":"https:\/\/prensapresidencialvenezuela.gob.ve\/index.php\/wp-json\/wp\/v2\/users\/6"}],"replies":[{"embeddable":true,"href":"https:\/\/prensapresidencialvenezuela.gob.ve\/index.php\/wp-json\/wp\/v2\/comments?post=6136"}],"version-history":[{"count":1,"href":"https:\/\/prensapresidencialvenezuela.gob.ve\/index.php\/wp-json\/wp\/v2\/posts\/6136\/revisions"}],"predecessor-version":[{"id":6138,"href":"https:\/\/prensapresidencialvenezuela.gob.ve\/index.php\/wp-json\/wp\/v2\/posts\/6136\/revisions\/6138"}],"wp:featuredmedia":[{"embeddable":true,"href":"https:\/\/prensapresidencialvenezuela.gob.ve\/index.php\/wp-json\/wp\/v2\/media\/6137"}],"wp:attachment":[{"href":"https:\/\/prensapresidencialvenezuela.gob.ve\/index.php\/wp-json\/wp\/v2\/media?parent=6136"}],"wp:term":[{"taxonomy":"category","embeddable":true,"href":"https:\/\/prensapresidencialvenezuela.gob.ve\/index.php\/wp-json\/wp\/v2\/categories?post=6136"},{"taxonomy":"post_tag","embeddable":true,"href":"https:\/\/prensapresidencialvenezuela.gob.ve\/index.php\/wp-json\/wp\/v2\/tags?post=6136"}],"curies":[{"name":"wp","href":"https:\/\/api.w.org\/{rel}","templated":true}]}}