{"id":6147,"date":"2023-08-09T17:06:48","date_gmt":"2023-08-09T17:06:48","guid":{"rendered":"http:\/\/172.27.0.121\/?p=6147"},"modified":"2023-08-09T17:06:48","modified_gmt":"2023-08-09T17:06:48","slug":"presidente-maduro-estamos-obligados-a-defender-y-preservar-el-amazonas","status":"publish","type":"post","link":"https:\/\/prensapresidencialvenezuela.gob.ve\/index.php\/2023\/08\/09\/presidente-maduro-estamos-obligados-a-defender-y-preservar-el-amazonas\/","title":{"rendered":"Presidente Maduro: Estamos obligados a defender y preservar el Amazonas"},"content":{"rendered":"\n<p><strong>Palacio de Miraflores, Caracas.- <\/strong>Venezuela elev\u00f3 su voz a trav\u00e9s de la presentaci\u00f3n de nueve l\u00edneas de acci\u00f3n estrat\u00e9gicas realizadas en la IV Cumbre Amaz\u00f3nica celebrada este 8 y 9 en la ciudad de Bel\u00e9n, en la Rep\u00fablica Federativa de Brasil.<\/p>\n\n\n\n<p>\u201cModestamente Venezuela present\u00f3 9 l\u00edneas de acci\u00f3n estrat\u00e9gicas, que esperamos puedan ser asumidas en conjunto por los Gobiernos y los Estados agrupados en la IV Cumbre de la Amazon\u00eda celebrada en Brasil. Estamos obligados a defender y preservar el Amazonas, juntos por la vida del planeta y de la humanidad\u201d, expres\u00f3 el presidente de la Rep\u00fablica Bolivariana de Venezuela, Nicol\u00e1s Maduro Moros, a trav\u00e9s de su cuenta en la red social X @NicolasMaduro.<\/p>\n\n\n\n<p>Este martes 08 de agosto, la vicepresidenta Ejecutiva de la Rep\u00fablica, Delcy Rodr\u00edguez encabez\u00f3 la delegaci\u00f3n venezolana en la Cumbre, espacio propicio para dar a conocer las l\u00edneas estrat\u00e9gicas propuestas por el Jefe de Estado venezolano.<\/p>\n\n\n\n<p>Las l\u00edneas de acci\u00f3n comprenden la creaci\u00f3n de una fuerza de tarea de la OTCA como instancia de articulaci\u00f3n y de uni\u00f3n, as\u00ed mismo la promoci\u00f3n y ejecuci\u00f3n de un plan de deforestaci\u00f3n cero.<\/p>\n\n\n\n<p>De igual manera, Rodr\u00edguez destac\u00f3 la importancia de la creaci\u00f3n del banco de semillas amaz\u00f3nicas que permita tener y preservar la biodiversidad de la regi\u00f3n y la creaci\u00f3n del Centro de Investigaci\u00f3n Amaz\u00f3nica, adem\u00e1s del lanzamiento de un sat\u00e9lite amaz\u00f3nico que permita la percepci\u00f3n remota de esta regi\u00f3n.<\/p>\n\n\n\n<p>Finalmente, los mandatarios y representantes de los pa\u00edses amaz\u00f3nicos coincidieron en la necesidad de fortalecer la institucionalidad de la Organizaci\u00f3n del Tratado de Cooperaci\u00f3n Amaz\u00f3nica (OTCA).<\/p>\n\n\n\n<p><strong>Prensa Presidencial\/Joelin Jim\u00e9nez<\/strong><\/p>\n","protected":false},"excerpt":{"rendered":"<p>Palacio de Miraflores, Caracas.- Venezuela elev\u00f3 su voz a trav\u00e9s de la presentaci\u00f3n de nueve l\u00edneas de acci\u00f3n estrat\u00e9gicas realizadas en la IV Cumbre Amaz\u00f3nica celebrada este 8 y 9 en la ciudad de Bel\u00e9n, en la Rep\u00fablica Federativa de Brasil. \u201cModestamente Venezuela present\u00f3 9 l\u00edneas de acci\u00f3n estrat\u00e9gicas, que esperamos puedan ser asumidas en [&hellip;]<\/p>\n","protected":false},"author":6,"featured_media":6148,"comment_status":"open","ping_status":"open","sticky":false,"template":"","format":"standard","meta":{"footnotes":""},"categories":[18,7],"tags":[91,133,30,19,20],"class_list":["post-6147","post","type-post","status-publish","format-standard","has-post-thumbnail","hentry","category-noticias-principales","category-notas-de-prensa","tag-brasil","tag-cumbre-de-la-amazonia","tag-destacado","tag-nicolas-maduro","tag-venezuela"],"_links":{"self":[{"href":"https:\/\/prensapresidencialvenezuela.gob.ve\/index.php\/wp-json\/wp\/v2\/posts\/6147","targetHints":{"allow":["GET"]}}],"collection":[{"href":"https:\/\/prensapresidencialvenezuela.gob.ve\/index.php\/wp-json\/wp\/v2\/posts"}],"about":[{"href":"https:\/\/prensapresidencialvenezuela.gob.ve\/index.php\/wp-json\/wp\/v2\/types\/post"}],"author":[{"embeddable":true,"href":"https:\/\/prensapresidencialvenezuela.gob.ve\/index.php\/wp-json\/wp\/v2\/users\/6"}],"replies":[{"embeddable":true,"href":"https:\/\/prensapresidencialvenezuela.gob.ve\/index.php\/wp-json\/wp\/v2\/comments?post=6147"}],"version-history":[{"count":1,"href":"https:\/\/prensapresidencialvenezuela.gob.ve\/index.php\/wp-json\/wp\/v2\/posts\/6147\/revisions"}],"predecessor-version":[{"id":6149,"href":"https:\/\/prensapresidencialvenezuela.gob.ve\/index.php\/wp-json\/wp\/v2\/posts\/6147\/revisions\/6149"}],"wp:featuredmedia":[{"embeddable":true,"href":"https:\/\/prensapresidencialvenezuela.gob.ve\/index.php\/wp-json\/wp\/v2\/media\/6148"}],"wp:attachment":[{"href":"https:\/\/prensapresidencialvenezuela.gob.ve\/index.php\/wp-json\/wp\/v2\/media?parent=6147"}],"wp:term":[{"taxonomy":"category","embeddable":true,"href":"https:\/\/prensapresidencialvenezuela.gob.ve\/index.php\/wp-json\/wp\/v2\/categories?post=6147"},{"taxonomy":"post_tag","embeddable":true,"href":"https:\/\/prensapresidencialvenezuela.gob.ve\/index.php\/wp-json\/wp\/v2\/tags?post=6147"}],"curies":[{"name":"wp","href":"https:\/\/api.w.org\/{rel}","templated":true}]}}