{"id":6153,"date":"2023-08-09T19:12:08","date_gmt":"2023-08-09T19:12:08","guid":{"rendered":"http:\/\/172.27.0.121\/?p=6153"},"modified":"2023-08-09T19:12:08","modified_gmt":"2023-08-09T19:12:08","slug":"cumbre-amazonica-alcanzo-avances-en-agenda-comun-con-naciones-en-desarrollo","status":"publish","type":"post","link":"https:\/\/prensapresidencialvenezuela.gob.ve\/index.php\/2023\/08\/09\/cumbre-amazonica-alcanzo-avances-en-agenda-comun-con-naciones-en-desarrollo\/","title":{"rendered":"Cumbre Amaz\u00f3nica alcanz\u00f3 avances en agenda com\u00fan con naciones en desarrollo"},"content":{"rendered":"\n<p><strong>Ciudad de Bel\u00e9m, Estado de Par\u00e1.-<\/strong> La Declaraci\u00f3n de Bel\u00e9m y el comunicado conjunto adoptado durante los dos d\u00edas de Cumbre Amaz\u00f3nica son un paso hacia la constituci\u00f3n de una agenda com\u00fan con los pa\u00edses en desarrollo que tienen bosques naturales, aspecto que alimentar\u00e1 el camino hacia la COP 30 a realizarse en esta misma ciudad en 2025, subray\u00f3 el presidente de la Rep\u00fablica Federativa de Brasil.<\/p>\n\n\n\n<p>Al se\u00f1alar aspectos del documento refrendado en Belem, destac\u00f3 que la Cumbre Amaz\u00f3nica tuvo lugar en un momento muy diferente de las tres cumbres que la antecedieron (1989, 1992 y 2009); refiriendo que negar en la actualidad la crisis clim\u00e1tica es una insensatez.<\/p>\n\n\n\n<p>Lula Da Silva se\u00f1al\u00f3 que poner en relieve el bosque significa no s\u00f3lo recobrar su dignidad, sino las de casi 50 millones de habitantes que viven en la Amazonia.<\/p>\n\n\n\n<p>La dignidad la garantizar\u00e1n, dijo, \u201cofreciendo oportunidades sostenibles, ingresos a trav\u00e9s del fomento de la ciencia, tecnolog\u00eda, e innovaci\u00f3n, as\u00ed como la biosocioeconom\u00eda, en funci\u00f3n de los pueblos ind\u00edgenas y comunicada es con sus conocimientos ancestrales.<\/p>\n\n\n\n<p>Enfatiz\u00f3 que el escrito re\u00fane iniciativas muy concretas para enfrentar desaf\u00edos que comparten los ocho pa\u00edses amaz\u00f3nicos. \u201cVamos a trabajar juntos luchando contra la deforestaci\u00f3n, en la creaci\u00f3n de mecanismos financieros que respalden acciones de desarrollo, en la creaci\u00f3n de un plan t\u00e9cnico-cient\u00edfico y creaci\u00f3n de nuevas instancias de coordinaci\u00f3n y participaci\u00f3n.<\/p>\n\n\n\n<p>Para tales fines &#8211; subray\u00f3 &#8211; ser\u00e1 indispensable con la Organizaci\u00f3n del Tratado de Cooperaci\u00f3n Amaz\u00f3nica (OTCA) fortalecida con reuniones regulares.<\/p>\n\n\n\n<p>Adem\u00e1s, el Mandatario brasile\u00f1o, desde el Hangar Centro de Convenciones, frente a cientos de periodistas, refiri\u00f3 que la cita en Bel\u00e9m permiti\u00f3 identificar enormes convergencias con naciones en desarrollo que tienen bosques tropicales, y manifest\u00f3 convencido que \u201cnuestras actuaciones conjuntas en los foros internacionales es urgente.<\/p>\n\n\n\n<p>Indic\u00f3 que igualmente, la reuni\u00f3n ratific\u00f3 que los compromisos clim\u00e1ticos de los pa\u00edses desarrollados deben cumplirse.<\/p>\n\n\n\n<p>En este sentido, inform\u00f3 sobre dos frentes de acci\u00f3n:<\/p>\n\n\n\n<p>1. Trabajar por la definici\u00f3n del concepto internacional de sociobioeconomia que nos permita certificar los productos del bosque y generar empleo e ingreso.<\/p>\n\n\n\n<p>2. Crear mecanismos que paguen de manera justa y equitativa los servicios sustentables en los bosques, con la premisa de medidas proteccionistas.<\/p>\n\n\n\n<p>En sus declaraciones calific\u00f3 de trabajo estupendo y como una capacidad incre\u00edble la mostrada por la sociedad civil al discutir los temas amaz\u00f3nicos, al tambi\u00e9n apuntar que ha sido un hecho extraordinario reunir a los presidentes \u201cde Suram\u00e9rica, pa\u00edses amaz\u00f3nicos para, por primera vez, encontrar una salida conjunta para discutir sobre fondos y decirle que no es Brasil el que necesita dinero y financiamiento, sino la naturaleza\u201d.<\/p>\n\n\n\n<p>Exigi\u00f3 que \u201cel desarrollo industrial que llevaron a cabo durante 200 a\u00f1os y que ha contaminado el mundo, ahora lo tienen que pagar, su parte, para que nosotros repongamos lo que han arruinado\u201d.<\/p>\n\n\n\n<p>En este encuentro la Amazonia le habl\u00f3 al mundo, \u201cd\u00e1ndole una respuesta al mundo de lo que necesitamos, puntualiz\u00f3 diciendo que Brasil c\u00f3mo sede de este encuentro en el que participaron \u201c30 mil personas, continuar\u00e1 dialogando con la sociedad civil\u201d.<\/p>\n\n\n\n<p><strong>Prensa Presidencial\/ Anais P\u00e9rez<\/strong><\/p>\n","protected":false},"excerpt":{"rendered":"<p>Ciudad de Bel\u00e9m, Estado de Par\u00e1.- La Declaraci\u00f3n de Bel\u00e9m y el comunicado conjunto adoptado durante los dos d\u00edas de Cumbre Amaz\u00f3nica son un paso hacia la constituci\u00f3n de una agenda com\u00fan con los pa\u00edses en desarrollo que tienen bosques naturales, aspecto que alimentar\u00e1 el camino hacia la COP 30 a realizarse en esta misma [&hellip;]<\/p>\n","protected":false},"author":6,"featured_media":6154,"comment_status":"open","ping_status":"open","sticky":false,"template":"","format":"standard","meta":{"footnotes":""},"categories":[18,7],"tags":[91,133,30,19,20],"class_list":["post-6153","post","type-post","status-publish","format-standard","has-post-thumbnail","hentry","category-noticias-principales","category-notas-de-prensa","tag-brasil","tag-cumbre-de-la-amazonia","tag-destacado","tag-nicolas-maduro","tag-venezuela"],"_links":{"self":[{"href":"https:\/\/prensapresidencialvenezuela.gob.ve\/index.php\/wp-json\/wp\/v2\/posts\/6153","targetHints":{"allow":["GET"]}}],"collection":[{"href":"https:\/\/prensapresidencialvenezuela.gob.ve\/index.php\/wp-json\/wp\/v2\/posts"}],"about":[{"href":"https:\/\/prensapresidencialvenezuela.gob.ve\/index.php\/wp-json\/wp\/v2\/types\/post"}],"author":[{"embeddable":true,"href":"https:\/\/prensapresidencialvenezuela.gob.ve\/index.php\/wp-json\/wp\/v2\/users\/6"}],"replies":[{"embeddable":true,"href":"https:\/\/prensapresidencialvenezuela.gob.ve\/index.php\/wp-json\/wp\/v2\/comments?post=6153"}],"version-history":[{"count":1,"href":"https:\/\/prensapresidencialvenezuela.gob.ve\/index.php\/wp-json\/wp\/v2\/posts\/6153\/revisions"}],"predecessor-version":[{"id":6155,"href":"https:\/\/prensapresidencialvenezuela.gob.ve\/index.php\/wp-json\/wp\/v2\/posts\/6153\/revisions\/6155"}],"wp:featuredmedia":[{"embeddable":true,"href":"https:\/\/prensapresidencialvenezuela.gob.ve\/index.php\/wp-json\/wp\/v2\/media\/6154"}],"wp:attachment":[{"href":"https:\/\/prensapresidencialvenezuela.gob.ve\/index.php\/wp-json\/wp\/v2\/media?parent=6153"}],"wp:term":[{"taxonomy":"category","embeddable":true,"href":"https:\/\/prensapresidencialvenezuela.gob.ve\/index.php\/wp-json\/wp\/v2\/categories?post=6153"},{"taxonomy":"post_tag","embeddable":true,"href":"https:\/\/prensapresidencialvenezuela.gob.ve\/index.php\/wp-json\/wp\/v2\/tags?post=6153"}],"curies":[{"name":"wp","href":"https:\/\/api.w.org\/{rel}","templated":true}]}}