{"id":6157,"date":"2023-08-09T19:24:36","date_gmt":"2023-08-09T19:24:36","guid":{"rendered":"http:\/\/172.27.0.121\/?p=6157"},"modified":"2023-08-09T19:24:36","modified_gmt":"2023-08-09T19:24:36","slug":"comunicado-conjunto-de-los-paises-forestales-en-desarrollo-en-belem","status":"publish","type":"post","link":"https:\/\/prensapresidencialvenezuela.gob.ve\/index.php\/2023\/08\/09\/comunicado-conjunto-de-los-paises-forestales-en-desarrollo-en-belem\/","title":{"rendered":"Comunicado Conjunto de los Pa\u00edses Forestales en Desarrollo en Bel\u00e9m"},"content":{"rendered":"\n<p><strong>Ciudad de Bel\u00e9m, Estado de Par\u00e1.-<\/strong> Este mi\u00e9rcoles, en el contexto de la Cumbre Amaz\u00f3nica, fue ratificado el compromiso por la preservaci\u00f3n de los bosques, mediante un Comunicado Conjunto de los Pa\u00edses Forestales en Desarrollo en Bel\u00e9m.<\/p>\n\n\n\n<p>El documento precisa lo siguiente:<\/p>\n\n\n\n<p>Nosotros, los Presidentes y Jefes de Delegaci\u00f3n de Bolivia, Brasil, Colombia, Ecuador, Guyana, Indonesia, Per\u00fa, la Rep\u00fablica del Congo, la Rep\u00fablica Democr\u00e1tica del Congo, San Vicente y las Granadinas, Surinam y Venezuela, reunidos en Bel\u00e9m do Par\u00e1, el 9 de agosto del 2023,&nbsp;<\/p>\n\n\n\n<p>1. Reconocemos la inestimable contribuci\u00f3n de los pueblos ind\u00edgenas y las comunidades locales as\u00ed como de las mujeres y de la juventud para la conservaci\u00f3n de los Bosques tropicales.&nbsp;<\/p>\n\n\n\n<p>2. Observamos que, seg\u00fan el Grupo Intergubernamental de Expertos sobre el Cambio Clim\u00e1tico (IPCC AR6), \u00abel cambio clim\u00e1tico ya est\u00e1 afectando a los bosques tropicales de todo el mundo, incluso por los cambios en la distribuci\u00f3n de los biomas forestales, los cambios en la composici\u00f3n de las especies, la biomasa, las plagas y enfermedades, y el aumento de los incendios forestales\u201d.&nbsp;<\/p>\n\n\n\n<p>3. Reafirmamos nuestro compromiso con la preservaci\u00f3n de los bosques, la reducci\u00f3n de los impulsores de la deforestaci\u00f3n y de la degradaci\u00f3n forestal, la conservaci\u00f3n y valoraci\u00f3n de la biodiversidad y la b\u00fasqueda de una transici\u00f3n ecol\u00f3gica justa, convencidos de que nuestros bosques pueden ser centros de desarrollo sostenible y fuentes de soluciones para los retos nacionales y mundiales de sostenibilidad, conciliando la prosperidad econ\u00f3mica con la protecci\u00f3n del medio ambiente y el bienestar social, especialmente de los pueblos ind\u00edgenas y de las comunidades locales, incluso mediante el desarrollo de mecanismos innovadores que reconocer\u00e1n y promover\u00e1n las funciones\/servicios de los ecosistemas y la conservaci\u00f3n y el uso sostenible de la biodiversidad.&nbsp;<\/p>\n\n\n\n<p>4. Expresamos nuestra preocupaci\u00f3n por el incumplimiento por parte de los pa\u00edses desarrollados de sus compromisos de proporcionar una ayuda oficial al desarrollo equivalente al 0,7% de su renta nacional bruta, y de proporcionar 100.000 millones de d\u00f3lares en financiaci\u00f3n clim\u00e1tica al a\u00f1o en recursos nuevos y adicionales a los pa\u00edses en desarrollo, y hacemos un llamamiento a los pa\u00edses desarrollados para que cumplan con sus obligaciones en materia de financiaci\u00f3n clim\u00e1tica y contribuyan a la movilizaci\u00f3n de 200.000 millones de d\u00f3lares al a\u00f1o para 2030, tal y como se establece en el Marco Mundial para la Diversidad Biol\u00f3gica de Kunming-Montreal, con el fin de apoyar la aplicaci\u00f3n de los planes de acci\u00f3n y estrategias nacionales en materia de diversidad biol\u00f3gica mediante el suministro de recursos financieros nuevos, adicionales, predecibles y adecuados.&nbsp;<\/p>\n\n\n\n<p>5. Tambi\u00e9n expresamos nuestra preocupaci\u00f3n por el incumplimiento por parte de algunos pa\u00edses desarrollados de sus objetivos de mitigaci\u00f3n, y reiteramos la necesidad de que las naciones desarrolladas tomen la iniciativa y aceleren la descarbonizaci\u00f3n de sus econom\u00edas, logrando la neutralidad de las emisiones de gases de efecto invernadero sin demora y preferiblemente antes de 2050.&nbsp;<\/p>\n\n\n\n<p>6. Observando que la cooperaci\u00f3n internacional es la forma m\u00e1s eficaz de apoyar nuestro compromiso soberano de reducir los impulsores de la deforestaci\u00f3n y de la degradaci\u00f3n forestal, condenamos la adopci\u00f3n de medidas adoptadas para combatir el cambio clim\u00e1tico y proteger el medio ambiente, incluidas las unilaterales, que constituyen un medio de discriminaci\u00f3n arbitraria o injustificable o una restricci\u00f3n encubierta al comercio internacional.<\/p>\n\n\n\n<p>7. Reiteramos nuestro entendimiento de que el acceso preferencial de los productos forestales a los mercados de los pa\u00edses desarrollados ser\u00e1 una herramienta importante para el desarrollo econ\u00f3mico de los pa\u00edses en desarrollo.&nbsp;<\/p>\n\n\n\n<p>8. Invitamos a otros pa\u00edses en desarrollo con bosques tropicales a entablar, en preparaci\u00f3n de la COP-28 de la CMNUCC y la COP-16 del CDB y otras conferencias internacionales pertinentes, un di\u00e1logo, basado en la solidaridad y la cooperaci\u00f3n, sobre los temas esbozados en el presente Comunicado.<\/p>\n\n\n\n<p>9. Tambi\u00e9n hacemos un llamamiento a otros pa\u00edses en desarrollo que poseen una parte significativa de la biodiversidad mundial para que aboguen por que nuestros pa\u00edses ejerzan una mayor influencia en la gesti\u00f3n de los recursos destinados a la conservaci\u00f3n y el uso sostenible de la biodiversidad.&nbsp;<\/p>\n\n\n\n<p>10. Tomamos nota de diferentes iniciativas impulsadas por pa\u00edses en desarrollo relevantes para la conservaci\u00f3n y el uso sostenible de los ecosistemas forestales, como la Cooperaci\u00f3n Trilateral sobre Bosques Tropicales y Acci\u00f3n Clim\u00e1tica de Brasil, la Rep\u00fablica Democr\u00e1tica del Congo e Indonesia, y la iniciativa, por parte de la Rep\u00fablica del Congo, de acoger una Cumbre de las Tres Cuencas de Ecosistemas de Biodiversidad y Bosques Tropicales.<\/p>\n\n\n\n<p><strong>Prensa Presidencial\/Ana\u00eds P\u00e9rez<\/strong><\/p>\n","protected":false},"excerpt":{"rendered":"<p>Ciudad de Bel\u00e9m, Estado de Par\u00e1.- Este mi\u00e9rcoles, en el contexto de la Cumbre Amaz\u00f3nica, fue ratificado el compromiso por la preservaci\u00f3n de los bosques, mediante un Comunicado Conjunto de los Pa\u00edses Forestales en Desarrollo en Bel\u00e9m. El documento precisa lo siguiente: Nosotros, los Presidentes y Jefes de Delegaci\u00f3n de Bolivia, Brasil, Colombia, Ecuador, Guyana, [&hellip;]<\/p>\n","protected":false},"author":6,"featured_media":6158,"comment_status":"open","ping_status":"open","sticky":false,"template":"","format":"standard","meta":{"footnotes":""},"categories":[18,7],"tags":[91,133,30,19,20],"class_list":["post-6157","post","type-post","status-publish","format-standard","has-post-thumbnail","hentry","category-noticias-principales","category-notas-de-prensa","tag-brasil","tag-cumbre-de-la-amazonia","tag-destacado","tag-nicolas-maduro","tag-venezuela"],"_links":{"self":[{"href":"https:\/\/prensapresidencialvenezuela.gob.ve\/index.php\/wp-json\/wp\/v2\/posts\/6157","targetHints":{"allow":["GET"]}}],"collection":[{"href":"https:\/\/prensapresidencialvenezuela.gob.ve\/index.php\/wp-json\/wp\/v2\/posts"}],"about":[{"href":"https:\/\/prensapresidencialvenezuela.gob.ve\/index.php\/wp-json\/wp\/v2\/types\/post"}],"author":[{"embeddable":true,"href":"https:\/\/prensapresidencialvenezuela.gob.ve\/index.php\/wp-json\/wp\/v2\/users\/6"}],"replies":[{"embeddable":true,"href":"https:\/\/prensapresidencialvenezuela.gob.ve\/index.php\/wp-json\/wp\/v2\/comments?post=6157"}],"version-history":[{"count":1,"href":"https:\/\/prensapresidencialvenezuela.gob.ve\/index.php\/wp-json\/wp\/v2\/posts\/6157\/revisions"}],"predecessor-version":[{"id":6159,"href":"https:\/\/prensapresidencialvenezuela.gob.ve\/index.php\/wp-json\/wp\/v2\/posts\/6157\/revisions\/6159"}],"wp:featuredmedia":[{"embeddable":true,"href":"https:\/\/prensapresidencialvenezuela.gob.ve\/index.php\/wp-json\/wp\/v2\/media\/6158"}],"wp:attachment":[{"href":"https:\/\/prensapresidencialvenezuela.gob.ve\/index.php\/wp-json\/wp\/v2\/media?parent=6157"}],"wp:term":[{"taxonomy":"category","embeddable":true,"href":"https:\/\/prensapresidencialvenezuela.gob.ve\/index.php\/wp-json\/wp\/v2\/categories?post=6157"},{"taxonomy":"post_tag","embeddable":true,"href":"https:\/\/prensapresidencialvenezuela.gob.ve\/index.php\/wp-json\/wp\/v2\/tags?post=6157"}],"curies":[{"name":"wp","href":"https:\/\/api.w.org\/{rel}","templated":true}]}}