{"id":6168,"date":"2023-08-09T22:42:04","date_gmt":"2023-08-09T22:42:04","guid":{"rendered":"http:\/\/172.27.0.121\/?p=6168"},"modified":"2023-08-09T22:42:04","modified_gmt":"2023-08-09T22:42:04","slug":"mensaje-de-venezuela-llego-a-cumbre-amazonica-para-un-profundo-dialogo-y-accion-por-la-vida","status":"publish","type":"post","link":"https:\/\/prensapresidencialvenezuela.gob.ve\/index.php\/2023\/08\/09\/mensaje-de-venezuela-llego-a-cumbre-amazonica-para-un-profundo-dialogo-y-accion-por-la-vida\/","title":{"rendered":"Mensaje de Venezuela lleg\u00f3 a Cumbre Amaz\u00f3nica para un profundo di\u00e1logo y acci\u00f3n por la vida"},"content":{"rendered":"\n<p><strong>Ciudad de Bel\u00e9m, Estado de Par\u00e1.- <\/strong>El d\u00eda 7 de agosto pasadas las 9:00 de la noche, la vicepresidenta Ejecutiva, Delcy Rodr\u00edguez, aterriz\u00f3 en la Base A\u00e9rea de Bel\u00e9m (BABE), el objetivo primordial de su estancia en la ciudad norte\u00f1a del Estado de Par\u00e1, fue claro: Elevar ante esta cita internacional un plan de acci\u00f3n por la preservaci\u00f3n del pulm\u00f3n vegetal elaborado por el presidente Nicol\u00e1s Maduro, con el que la voz del l\u00edder venezolano y su pueblo se hizo presente.<\/p>\n\n\n\n<p>Horas despu\u00e9s, el mensaje lleg\u00f3 a los pa\u00edses amaz\u00f3nicos reunidos en el Hangar Centro de Convenciones donde se desarroll\u00f3 la Reuni\u00f3n de los Jefes de Estado y de Gobierno de los pa\u00edses signatarios del TCA, seguido de foro&nbsp; oficial de los pa\u00edses firmantes y de Debate General de los Jefes de Estado y de Gobierno de los pa\u00edses signatarios del TCA, para culminar esta jornada con una Adopci\u00f3n de la Declaraci\u00f3n de Bel\u00e9m por los pa\u00edses signatarios del TCA, que cobra de 113 principios y objetivas, para la salvaci\u00f3n del pulm\u00f3n vegetal.<\/p>\n\n\n\n<p>En esta sesi\u00f3n del d\u00eda martes, 8 de agosto, la Vicepresidenta Ejecutiva extendi\u00f3 a los presentes el contenido de los jueves ejes centrales que plantea Venezuela para evitar el punto de no retorno de la Amazonia, adem\u00e1s de denunciar que los pa\u00edses de la&nbsp;&nbsp; Organizaci\u00f3n del Tratado del Atl\u00e1ntico Norte (OTAN) tienen puesta su mirada sobre los recursos, el agua, la biodiversidad del territorio amaz\u00f3nico que representa el 40% de los bosques tropicales del planeta.<\/p>\n\n\n\n<p>Con un discurso contundente, tambi\u00e9n alert\u00f3 en torno al historial de las Organizaciones No Gubernamental (ONG), se\u00f1alando que \u201ccatorce grandes empresas en alimentos, once grandes empresas farmac\u00e9uticas concentran el capital hoy en d\u00eda en los mercados, produciendo profundas desigualdades sociales\u201d.<\/p>\n\n\n\n<p>Adem\u00e1s, indic\u00f3 que otra gran amenaza es la tercerizacion de la funci\u00f3n de los Estados, raz\u00f3n por la que &#8211; enfatiz\u00f3 &#8211; el camino no es desconcentrar a los Estados, el camino es fortalecer las capacidades y funciones del Estado, no entreg\u00e1rselas a organizaciones no gubernamentales que en \u00faltima instancia est\u00e1n siendo instrumentalizadas por los grandes emporios farmac\u00e9uticos, alimenticios, energ\u00e9ticos, para apoderarse de la gran biodiversidad de la Cuenca Amazon\u00eda.<\/p>\n\n\n\n<p>En el segundo d\u00eda de Cumbre, se celebr\u00f3 la Reuni\u00f3n de los pa\u00edses firmantes del TCA con los pa\u00edses invitados, contexto en el que la Vicepresidenta Ejecutiva elev\u00f3 la propuesta de Venezuela en funci\u00f3n de un di\u00e1logo mundial por la vida entre los pa\u00edses de los bosques tropicales y los grandes emisores de carbono.<\/p>\n\n\n\n<p>La alta funcionaria venezolana, en su intervenci\u00f3n, abog\u00f3 porque el sue\u00f1o del presidente de la Rep\u00fablica Federativa de Brasil , Luiz Inacio Lula Da Silva, por la Amazonia, sea el sue\u00f1o del mundo, dijo en medio de una jornada en la que tambi\u00e9n los pa\u00edses amaz\u00f3nicos adoptaron documento \u201cUnidos por Nuestros Bosques: Comunicado Conjunto de los Pa\u00edses Forestales en Desarrollo en Bel\u00e9m\u201d.<\/p>\n\n\n\n<p>El Presidente anfitri\u00f3n de la cita internacional, se dirigi\u00f3 a la sala de prensa ubicada en el hangar, y ante cientos de periodistas que dieron cobertura al evento, precis\u00f3 que la Declaraci\u00f3n de Bel\u00e8m y el comunicado conjunto adoptado durante los dos d\u00edas de Cumbre Amaz\u00f3nica significan un paso hacia la constituci\u00f3n de una agenda com\u00fan con los pa\u00edses en desarrollo que tienen bosques naturales, aspecto que alimentar\u00e1 el camino hacia la COP 30 a realizarse en esta misma ciudad en 2025.<\/p>\n\n\n\n<p>Entre los aspectos del documento refrendado en Belem, el presidente Lula se\u00f1al\u00f3 que el bosque significa no s\u00f3lo recobrar su dignidad, sino las de casi 50 millones de habitantes que viven en la Amazonia.<\/p>\n\n\n\n<p>Adem\u00e1s, subray\u00f3 que en este encuentro la Amazonia le habl\u00f3 al mundo, \u201cd\u00e1ndole una respuesta al mundo de lo que necesitamos\u201d, al tiempo que dijo que el di\u00e1logo&nbsp; con la sociedad civil continuar\u00e1, valorando as\u00ed la capacidades de debates demostradas en esta cumbre.<\/p>\n\n\n\n<p>El encuentro de dos d\u00edas tambi\u00e9n dio paso para que autoridades de instancias internacionales se pronunciaran sobre Venezuela y su trabajo en el marco de la Organizaci\u00f3n del Tratado de Cooperaci\u00f3n Amaz\u00f3nica, puntualmente con las consideraciones del director Ejecutivo de la OTCA brasil, esta instancia, Carlos Lazary, quien valor\u00f3 la presencia activa de la naci\u00f3n suramericana en esta instancia, lo que tributa al renacimiento del territorio amaz\u00f3nico.<\/p>\n\n\n\n<p>La Cuarta Cumbre Amaz\u00f4nia igualmente permiti\u00f3 que la Vicepresidenta Ejecutiva, el canciller Yv\u00e1n Gil y el ministro para el Ecosocialismo&nbsp; encabezar\u00e1n reuniones bilaterales, en funci\u00f3n de debatir temas comunes por la defensa de la Amazonia, adem\u00e1s de repasar ruta de cooperaci\u00f3n binacional con naciones como el Estado Plurinacional de Bolivia y la Rep\u00fablica del Congo.<\/p>\n\n\n\n<p>En este sentido, La vicepresidenta Ejecutiva de la Rep\u00fablica Bolivariana de Venezuela, sostuvo reuni\u00f3n con el presidente del Estado Plurinacional de Bolivia, Luis Arce, en el marco de los planteamientos que est\u00e1n surgiendo desde la Cumbre de Amaz\u00f4nia, que se lleva a cabo en la ciudad de Bel\u00e9m, Estado do Par\u00e1, para procurar mucha m\u00e1s armon\u00eda en este territorio, un escenario que adem\u00e1s dio paso a balance de relaciones bilaterales.<\/p>\n\n\n\n<p>Tambi\u00e9n en reuni\u00f3n bilateral, el ministro del Poder Popular para Ecosocialismo, Josu\u00e9 Lorca, y la ministra de Medio Ambiente de la Rep\u00fablica del Congo, Arlette Soudan &#8211;&nbsp; Nonault, afinaron temas de cara a encuentro con representantes de los pa\u00edses que poseen las principales cuencas hidrograficas del mundo.<\/p>\n\n\n\n<p>En tanto, el canciller Yv\u00e1n Gil sostuvo un encuentro con el presidente de Petr\u00f3leo Brasileiro S.A (Petrobras), Jean Paul Terra Prates, para abordar temas cruciales relacionados con la realidad y desaf\u00edos en materia energ\u00e9tica en la regi\u00f3n.<\/p>\n\n\n\n<p>Lo propio hizo el representante de la diplomacia venezolana al reunirse con el&nbsp; asesor de la presidenta del&nbsp; Banco de los Brics, Dilma Rousseff, el especialista en Desarrollo, Industria y Comercio Internacional, Alessandro Teixeira.<\/p>\n\n\n\n<p>En esta cita internacional qued\u00f3 expresado que la lucha por la Amazonia pasa por el di\u00e1logo, la cooperaci\u00f3n econ\u00f3mica, ecol\u00f3gica y social.<\/p>\n\n\n\n<p><strong>Prensa Presidencial\/ Anais P\u00e9rez<\/strong><\/p>\n","protected":false},"excerpt":{"rendered":"<p>Ciudad de Bel\u00e9m, Estado de Par\u00e1.- El d\u00eda 7 de agosto pasadas las 9:00 de la noche, la vicepresidenta Ejecutiva, Delcy Rodr\u00edguez, aterriz\u00f3 en la Base A\u00e9rea de Bel\u00e9m (BABE), el objetivo primordial de su estancia en la ciudad norte\u00f1a del Estado de Par\u00e1, fue claro: Elevar ante esta cita internacional un plan de acci\u00f3n [&hellip;]<\/p>\n","protected":false},"author":6,"featured_media":6169,"comment_status":"open","ping_status":"open","sticky":false,"template":"","format":"standard","meta":{"footnotes":""},"categories":[18],"tags":[91,133,30,19,20],"class_list":["post-6168","post","type-post","status-publish","format-standard","has-post-thumbnail","hentry","category-noticias-principales","tag-brasil","tag-cumbre-de-la-amazonia","tag-destacado","tag-nicolas-maduro","tag-venezuela"],"_links":{"self":[{"href":"https:\/\/prensapresidencialvenezuela.gob.ve\/index.php\/wp-json\/wp\/v2\/posts\/6168","targetHints":{"allow":["GET"]}}],"collection":[{"href":"https:\/\/prensapresidencialvenezuela.gob.ve\/index.php\/wp-json\/wp\/v2\/posts"}],"about":[{"href":"https:\/\/prensapresidencialvenezuela.gob.ve\/index.php\/wp-json\/wp\/v2\/types\/post"}],"author":[{"embeddable":true,"href":"https:\/\/prensapresidencialvenezuela.gob.ve\/index.php\/wp-json\/wp\/v2\/users\/6"}],"replies":[{"embeddable":true,"href":"https:\/\/prensapresidencialvenezuela.gob.ve\/index.php\/wp-json\/wp\/v2\/comments?post=6168"}],"version-history":[{"count":1,"href":"https:\/\/prensapresidencialvenezuela.gob.ve\/index.php\/wp-json\/wp\/v2\/posts\/6168\/revisions"}],"predecessor-version":[{"id":6170,"href":"https:\/\/prensapresidencialvenezuela.gob.ve\/index.php\/wp-json\/wp\/v2\/posts\/6168\/revisions\/6170"}],"wp:featuredmedia":[{"embeddable":true,"href":"https:\/\/prensapresidencialvenezuela.gob.ve\/index.php\/wp-json\/wp\/v2\/media\/6169"}],"wp:attachment":[{"href":"https:\/\/prensapresidencialvenezuela.gob.ve\/index.php\/wp-json\/wp\/v2\/media?parent=6168"}],"wp:term":[{"taxonomy":"category","embeddable":true,"href":"https:\/\/prensapresidencialvenezuela.gob.ve\/index.php\/wp-json\/wp\/v2\/categories?post=6168"},{"taxonomy":"post_tag","embeddable":true,"href":"https:\/\/prensapresidencialvenezuela.gob.ve\/index.php\/wp-json\/wp\/v2\/tags?post=6168"}],"curies":[{"name":"wp","href":"https:\/\/api.w.org\/{rel}","templated":true}]}}