{"id":6182,"date":"2023-08-11T00:57:08","date_gmt":"2023-08-11T00:57:08","guid":{"rendered":"http:\/\/172.27.0.121\/?p=6182"},"modified":"2023-08-11T00:57:08","modified_gmt":"2023-08-11T00:57:08","slug":"jefe-de-estado-lamento-asesinato-de-candidato-presidencial-en-ecuador","status":"publish","type":"post","link":"https:\/\/prensapresidencialvenezuela.gob.ve\/index.php\/2023\/08\/11\/jefe-de-estado-lamento-asesinato-de-candidato-presidencial-en-ecuador\/","title":{"rendered":"Jefe de Estado lament\u00f3 asesinato de candidato presidencial en Ecuador"},"content":{"rendered":"\n<p><strong>Palacio de Miraflores, Caracas.-<\/strong> El presidente de la Rep\u00fablica, Nicol\u00e1s Maduro calific\u00f3 como \u201cdoloroso y lamentable\u201d, el asesinato del candidato presidencial en Ecuador, Fernando Villavicencio, &nbsp;ocurrido la tarde de este mi\u00e9rcoles 09 de agosto, tras ser herido de bala a la salida de un mitin en el Colegio Anderson, ubicado al norte de Quito.<\/p>\n\n\n\n<p>\u201cConsternaci\u00f3n y preocupaci\u00f3n los sucesos del Ecuador, toda nuestra solidaridad con este pueblo (\u2026) a Ecuador lo amamos\u201d, expres\u00f3 el Mandatario nacional, durante una jornada de trabajo dedicada a la activaci\u00f3n de las Zonas Econ\u00f3micas Especiales desde el Palacio de Miraflores. &nbsp;<\/p>\n\n\n\n<p>En contexto, denunci\u00f3 que existe un modus operandi en el mundo para agredir a los Gobiernos y asesinar l\u00edderes regionales.<\/p>\n\n\n\n<p>\u201cYa lo vimos en Hait\u00ed, como una banda de sicarios colombianos mercenarios, asesinaron al joven presidente y ahora hay un modus operandi parecido. Un grupo de sicarios colombianos asesinando a un l\u00edder pol\u00edtico (\u2026) como esas bandas criminales llevan ese modelo colombiano lamentablemente fuera de las fronteras\u201d, puntualiz\u00f3.<\/p>\n\n\n\n<p>Asimismo, lament\u00f3 que ese modelo sicarial le ha generado gran da\u00f1o a Colombia. \u201cCuanto han hecho sufrir a Colombia con ese modelo sicarial de los paramilitares, de la parapol\u00edtica y de todos esos grupos, nosotros lo hemos visto en Venezuela, hemos sido v\u00edctimas de estos grupos\u201d.<\/p>\n\n\n\n<p>Record\u00f3 que Venezuela ha denunciado la campa\u00f1a de odio de sectores derechistas que buscan sembrar de odio, venganza e intolerancia en el escenario pol\u00edtico \u201cpara llevarnos a una polarizaci\u00f3n excluyente, negativa, conflictiva y nuevamente traer la violencia a Venezuela\u201d, sentenci\u00f3.<\/p>\n\n\n\n<p>En contexto, exhort\u00f3 al pueblo venezolano a cuidar y defender la paz de la Patria ante la amenaza de grupos mercenarios.<\/p>\n\n\n\n<p>\u201cTenemos que cuidar la paz de Venezuela, la integridad, la armon\u00eda, la tolerancia pol\u00edtica como elemento fundamental y que no vuelvan a sembrar de odio el escenario pol\u00edtico de Venezuela, porque quienes quieren sembrar odio buscan traer la violencia tambi\u00e9n desde Colombia (\u2026) cuidemos la paz de Venezuela, es una paz conquistada, construida, cuid\u00e9mosla\u201d, concluy\u00f3 el Dignatario.<\/p>\n\n\n\n<p><strong>Prensa Presidencial\/Joelin Jim\u00e9nez<\/strong><\/p>\n","protected":false},"excerpt":{"rendered":"<p>Palacio de Miraflores, Caracas.- El presidente de la Rep\u00fablica, Nicol\u00e1s Maduro calific\u00f3 como \u201cdoloroso y lamentable\u201d, el asesinato del candidato presidencial en Ecuador, Fernando Villavicencio, &nbsp;ocurrido la tarde de este mi\u00e9rcoles 09 de agosto, tras ser herido de bala a la salida de un mitin en el Colegio Anderson, ubicado al norte de Quito. \u201cConsternaci\u00f3n [&hellip;]<\/p>\n","protected":false},"author":6,"featured_media":6183,"comment_status":"open","ping_status":"open","sticky":false,"template":"","format":"standard","meta":{"footnotes":""},"categories":[18,7],"tags":[30,21,19,20],"class_list":["post-6182","post","type-post","status-publish","format-standard","has-post-thumbnail","hentry","category-noticias-principales","category-notas-de-prensa","tag-destacado","tag-economia-venezolana","tag-nicolas-maduro","tag-venezuela"],"_links":{"self":[{"href":"https:\/\/prensapresidencialvenezuela.gob.ve\/index.php\/wp-json\/wp\/v2\/posts\/6182","targetHints":{"allow":["GET"]}}],"collection":[{"href":"https:\/\/prensapresidencialvenezuela.gob.ve\/index.php\/wp-json\/wp\/v2\/posts"}],"about":[{"href":"https:\/\/prensapresidencialvenezuela.gob.ve\/index.php\/wp-json\/wp\/v2\/types\/post"}],"author":[{"embeddable":true,"href":"https:\/\/prensapresidencialvenezuela.gob.ve\/index.php\/wp-json\/wp\/v2\/users\/6"}],"replies":[{"embeddable":true,"href":"https:\/\/prensapresidencialvenezuela.gob.ve\/index.php\/wp-json\/wp\/v2\/comments?post=6182"}],"version-history":[{"count":1,"href":"https:\/\/prensapresidencialvenezuela.gob.ve\/index.php\/wp-json\/wp\/v2\/posts\/6182\/revisions"}],"predecessor-version":[{"id":6184,"href":"https:\/\/prensapresidencialvenezuela.gob.ve\/index.php\/wp-json\/wp\/v2\/posts\/6182\/revisions\/6184"}],"wp:featuredmedia":[{"embeddable":true,"href":"https:\/\/prensapresidencialvenezuela.gob.ve\/index.php\/wp-json\/wp\/v2\/media\/6183"}],"wp:attachment":[{"href":"https:\/\/prensapresidencialvenezuela.gob.ve\/index.php\/wp-json\/wp\/v2\/media?parent=6182"}],"wp:term":[{"taxonomy":"category","embeddable":true,"href":"https:\/\/prensapresidencialvenezuela.gob.ve\/index.php\/wp-json\/wp\/v2\/categories?post=6182"},{"taxonomy":"post_tag","embeddable":true,"href":"https:\/\/prensapresidencialvenezuela.gob.ve\/index.php\/wp-json\/wp\/v2\/tags?post=6182"}],"curies":[{"name":"wp","href":"https:\/\/api.w.org\/{rel}","templated":true}]}}