{"id":6191,"date":"2023-08-11T21:16:28","date_gmt":"2023-08-11T21:16:28","guid":{"rendered":"http:\/\/172.27.0.121\/?p=6191"},"modified":"2023-08-11T21:16:28","modified_gmt":"2023-08-11T21:16:28","slug":"presidente-maduro-lidera-reunion-con-el-estado-mayor-superior-de-la-fanb","status":"publish","type":"post","link":"https:\/\/prensapresidencialvenezuela.gob.ve\/index.php\/2023\/08\/11\/presidente-maduro-lidera-reunion-con-el-estado-mayor-superior-de-la-fanb\/","title":{"rendered":"Presidente Maduro lidera reuni\u00f3n con el Estado Mayor Superior de la FANB"},"content":{"rendered":"\n<p><strong>Fuerte Tiuna, Caracas.-<\/strong> El presidente de la Rep\u00fablica Bolivariana de Venezuela y Comandante en Jefe de la Fuerza Armada Nacional Bolivariana (FANB), Nicol\u00e1s Maduro Moros, lidera reuni\u00f3n con el Estado Mayor Superior Ampliado.<\/p>\n\n\n\n<p>En este acto, que se realiza en el sal\u00f3n \u00abAntonio Jos\u00e9 de Sucre\u00bb,&nbsp; est\u00e1n presente tambi\u00e9n los Comandantes de cada Regi\u00f3n Estrat\u00e9gica de Defensa Integral,(REDI) y de las Zonas Operativas de Defensa Integral (ZODI).<\/p>\n\n\n\n<p>El Jefe de Estado fue recibido por el vicepresidente Sectorial de Soberan\u00eda Pol\u00edtica, Seguridad y Paz y Ministro del Poder Popular para la Defensa, Vladimir Padrino L\u00f3pez; el Comandante del CEOFANB, Domingo Hern\u00e1ndez L\u00e1rez.<\/p>\n\n\n\n<p>As\u00ed tambi\u00e9n se encuentra el jefe de Estado Mayor de la Comandancia en Jefe, Jos\u00e9 Ornelas Ferreira y los oficiales Generales y Almirantes, integrantes del Estado Mayor Superior de la FANB.<\/p>\n\n\n\n<p>El Comandante en Jefe, m\u00e1s temprano, orden\u00f3 al cuerpo castrense estar en alerta permanente ya que la garant\u00eda de la paz est\u00e1 depositada en los hombres y mujeres que conforman la FANB, al tiempo que les ratificaba su confianza.<\/p>\n\n\n\n<p>\u00ab\u00a1Fuerza Armada Nacional Bolivariana! Guardia en alto, alerta permanente, mant\u00e9nganse siempre vigilantes, tienen el deber y la responsabilidad de garantizar la estabilidad, la integridad territorial y la Paz de nuestra Rep\u00fablica. Conf\u00edo en ustedes, hombres y mujeres de principios bolivarianos\u00bb, escribi\u00f3 en una publicaci\u00f3n difundida a trav\u00e9s de su cuenta oficial en la red social X @NicolasMaduro.<\/p>\n\n\n\n<p><strong>Prensa Presidencial \/ Eduardo Hueck<\/strong><\/p>\n","protected":false},"excerpt":{"rendered":"<p>Fuerte Tiuna, Caracas.- El presidente de la Rep\u00fablica Bolivariana de Venezuela y Comandante en Jefe de la Fuerza Armada Nacional Bolivariana (FANB), Nicol\u00e1s Maduro Moros, lidera reuni\u00f3n con el Estado Mayor Superior Ampliado. En este acto, que se realiza en el sal\u00f3n \u00abAntonio Jos\u00e9 de Sucre\u00bb,&nbsp; est\u00e1n presente tambi\u00e9n los Comandantes de cada Regi\u00f3n Estrat\u00e9gica [&hellip;]<\/p>\n","protected":false},"author":6,"featured_media":6192,"comment_status":"open","ping_status":"open","sticky":false,"template":"","format":"standard","meta":{"footnotes":""},"categories":[18,7],"tags":[30,19,27,20],"class_list":["post-6191","post","type-post","status-publish","format-standard","has-post-thumbnail","hentry","category-noticias-principales","category-notas-de-prensa","tag-destacado","tag-nicolas-maduro","tag-revolucion-bolivariana","tag-venezuela"],"_links":{"self":[{"href":"https:\/\/prensapresidencialvenezuela.gob.ve\/index.php\/wp-json\/wp\/v2\/posts\/6191","targetHints":{"allow":["GET"]}}],"collection":[{"href":"https:\/\/prensapresidencialvenezuela.gob.ve\/index.php\/wp-json\/wp\/v2\/posts"}],"about":[{"href":"https:\/\/prensapresidencialvenezuela.gob.ve\/index.php\/wp-json\/wp\/v2\/types\/post"}],"author":[{"embeddable":true,"href":"https:\/\/prensapresidencialvenezuela.gob.ve\/index.php\/wp-json\/wp\/v2\/users\/6"}],"replies":[{"embeddable":true,"href":"https:\/\/prensapresidencialvenezuela.gob.ve\/index.php\/wp-json\/wp\/v2\/comments?post=6191"}],"version-history":[{"count":1,"href":"https:\/\/prensapresidencialvenezuela.gob.ve\/index.php\/wp-json\/wp\/v2\/posts\/6191\/revisions"}],"predecessor-version":[{"id":6193,"href":"https:\/\/prensapresidencialvenezuela.gob.ve\/index.php\/wp-json\/wp\/v2\/posts\/6191\/revisions\/6193"}],"wp:featuredmedia":[{"embeddable":true,"href":"https:\/\/prensapresidencialvenezuela.gob.ve\/index.php\/wp-json\/wp\/v2\/media\/6192"}],"wp:attachment":[{"href":"https:\/\/prensapresidencialvenezuela.gob.ve\/index.php\/wp-json\/wp\/v2\/media?parent=6191"}],"wp:term":[{"taxonomy":"category","embeddable":true,"href":"https:\/\/prensapresidencialvenezuela.gob.ve\/index.php\/wp-json\/wp\/v2\/categories?post=6191"},{"taxonomy":"post_tag","embeddable":true,"href":"https:\/\/prensapresidencialvenezuela.gob.ve\/index.php\/wp-json\/wp\/v2\/tags?post=6191"}],"curies":[{"name":"wp","href":"https:\/\/api.w.org\/{rel}","templated":true}]}}