{"id":6194,"date":"2023-08-12T00:19:44","date_gmt":"2023-08-12T00:19:44","guid":{"rendered":"http:\/\/172.27.0.121\/?p=6194"},"modified":"2023-08-12T00:19:44","modified_gmt":"2023-08-12T00:19:44","slug":"ejecutivo-aprobo-recursos-para-recuperar-las-academias-militares-del-pais","status":"publish","type":"post","link":"https:\/\/prensapresidencialvenezuela.gob.ve\/index.php\/2023\/08\/12\/ejecutivo-aprobo-recursos-para-recuperar-las-academias-militares-del-pais\/","title":{"rendered":"Ejecutivo aprob\u00f3 recursos para recuperar las academias militares del pa\u00eds"},"content":{"rendered":"\n<p><strong>Fuerte Tiuna, Caracas.- <\/strong>Este viernes, el presidente de la Rep\u00fablica, Nicol\u00e1s Maduro, aprob\u00f3 los planes recursos que ser\u00e1n destinados para recuperar instalaciones y estructuras de las academias militares del pa\u00eds.<\/p>\n\n\n\n<p>En este sentido, precis\u00f3 que esta recuperaci\u00f3n se realizar\u00e1 a trav\u00e9s de la Misi\u00f3n Venezuela Bella. \u201cAprob\u00e9 los planes y recursos a trav\u00e9s de la Misi\u00f3n Venezuela Bella para recuperar todas las instalaciones y espacios de las academias militares del pa\u00eds, de la misma forma que hicimos con la UCV y con varias universidades. Vamos a recuperar la Universidad Militar a mejorar sus instalaciones a recuperarla plenamente\u201d, expres\u00f3.<\/p>\n\n\n\n<p>Al respecto, detall\u00f3 que la primera fase de recuperaci\u00f3n se realizar\u00e1 en ocho academias del pa\u00eds \u201cpara que est\u00e9n en las mejores circunstancias y todos los espacios se recuperen\u201d.<\/p>\n\n\n\n<p>\u201cUna clave del \u00e9xito es el liderazgo colectivo y efectivo (\u2026) es tener muy clara la misi\u00f3n y visi\u00f3n para la acci\u00f3n y que el liderazgo militar est\u00e9 en el nivel m\u00e1s alto y sea de mayor impacto, un liderazgo en el terreno que de el ejemplo, que construya conciencia y valores\u201d, acot\u00f3 el Dignatario.<\/p>\n\n\n\n<p>El anuncio lo realiz\u00f3 el Jefe de Estado durante una reuni\u00f3n con el Estado Mayor Superior Ampliado y los comandantes de Regi\u00f3n Estrat\u00e9gica de Defensa Integral (REDI) y Zonas Operativas de Defensa Integral (ZODI) de la Fuerza Armada Nacional Bolivariana (FANB), desde el Fuerte Tiuna, en Caracas.<\/p>\n\n\n\n<p><strong>Prensa Presidencial\/Joelin Jim\u00e9nez<\/strong><strong><\/strong><\/p>\n","protected":false},"excerpt":{"rendered":"<p>Fuerte Tiuna, Caracas.- Este viernes, el presidente de la Rep\u00fablica, Nicol\u00e1s Maduro, aprob\u00f3 los planes recursos que ser\u00e1n destinados para recuperar instalaciones y estructuras de las academias militares del pa\u00eds. En este sentido, precis\u00f3 que esta recuperaci\u00f3n se realizar\u00e1 a trav\u00e9s de la Misi\u00f3n Venezuela Bella. \u201cAprob\u00e9 los planes y recursos a trav\u00e9s de la [&hellip;]<\/p>\n","protected":false},"author":6,"featured_media":6196,"comment_status":"open","ping_status":"open","sticky":false,"template":"","format":"standard","meta":{"footnotes":""},"categories":[18,7],"tags":[30,19,27,20],"class_list":["post-6194","post","type-post","status-publish","format-standard","has-post-thumbnail","hentry","category-noticias-principales","category-notas-de-prensa","tag-destacado","tag-nicolas-maduro","tag-revolucion-bolivariana","tag-venezuela"],"_links":{"self":[{"href":"https:\/\/prensapresidencialvenezuela.gob.ve\/index.php\/wp-json\/wp\/v2\/posts\/6194","targetHints":{"allow":["GET"]}}],"collection":[{"href":"https:\/\/prensapresidencialvenezuela.gob.ve\/index.php\/wp-json\/wp\/v2\/posts"}],"about":[{"href":"https:\/\/prensapresidencialvenezuela.gob.ve\/index.php\/wp-json\/wp\/v2\/types\/post"}],"author":[{"embeddable":true,"href":"https:\/\/prensapresidencialvenezuela.gob.ve\/index.php\/wp-json\/wp\/v2\/users\/6"}],"replies":[{"embeddable":true,"href":"https:\/\/prensapresidencialvenezuela.gob.ve\/index.php\/wp-json\/wp\/v2\/comments?post=6194"}],"version-history":[{"count":1,"href":"https:\/\/prensapresidencialvenezuela.gob.ve\/index.php\/wp-json\/wp\/v2\/posts\/6194\/revisions"}],"predecessor-version":[{"id":6197,"href":"https:\/\/prensapresidencialvenezuela.gob.ve\/index.php\/wp-json\/wp\/v2\/posts\/6194\/revisions\/6197"}],"wp:featuredmedia":[{"embeddable":true,"href":"https:\/\/prensapresidencialvenezuela.gob.ve\/index.php\/wp-json\/wp\/v2\/media\/6196"}],"wp:attachment":[{"href":"https:\/\/prensapresidencialvenezuela.gob.ve\/index.php\/wp-json\/wp\/v2\/media?parent=6194"}],"wp:term":[{"taxonomy":"category","embeddable":true,"href":"https:\/\/prensapresidencialvenezuela.gob.ve\/index.php\/wp-json\/wp\/v2\/categories?post=6194"},{"taxonomy":"post_tag","embeddable":true,"href":"https:\/\/prensapresidencialvenezuela.gob.ve\/index.php\/wp-json\/wp\/v2\/tags?post=6194"}],"curies":[{"name":"wp","href":"https:\/\/api.w.org\/{rel}","templated":true}]}}