{"id":6223,"date":"2023-08-15T01:41:03","date_gmt":"2023-08-15T01:41:03","guid":{"rendered":"http:\/\/172.27.0.121\/?p=6223"},"modified":"2023-08-15T01:41:03","modified_gmt":"2023-08-15T01:41:03","slug":"venezuela-a-la-vanguardia-al-prohibir-uso-y-comercializacion-de-cigarrillos-electronicos","status":"publish","type":"post","link":"https:\/\/prensapresidencialvenezuela.gob.ve\/index.php\/2023\/08\/15\/venezuela-a-la-vanguardia-al-prohibir-uso-y-comercializacion-de-cigarrillos-electronicos\/","title":{"rendered":"Venezuela a la vanguardia al prohibir uso y comercializaci\u00f3n de cigarrillos electr\u00f3nicos"},"content":{"rendered":"\n<p><strong>Palacio de Miraflores, Caracas. &#8211; <\/strong>Venezuela ha tomado una medida de vanguardia en el mundo al prohibir uso y comercializaci\u00f3n de cigarrillos electr\u00f3nicos, asever\u00f3 el presidente de la Rep\u00fablica Bolivariana de Venezuela, Nicol\u00e1s Maduro, tras las felicitaciones de la Organizaci\u00f3n Panamericana de la Salud a Venezuela por promulgar esta resoluci\u00f3n que proh\u00edbe cigarrillos electr\u00f3nicos.<\/p>\n\n\n\n<p>\u201cLe digo a la juventud: O\u00eddo, muchachos y muchachas, de los liceos, de las universidades, de los barrios, las comunidades, atiendan esta medida. Es por la salud f\u00edsica y mental de nuestra juventud\u201d, refiri\u00f3 en su programa \u201cCon Maduro +\u201d.<\/p>\n\n\n\n<p>El jefe de Estado se\u00f1al\u00f3 que Venezuela va hac\u00eda adelante en la \u201cpreservaci\u00f3n de la salud ante, lo que se ha comprobado cient\u00edficamente, el da\u00f1o que provoca en el cuerpo, en los pulmones, da\u00f1o mortal que provoca fumar esos cigarros electr\u00f3nicos, los vapers. Hace mucho m\u00e1s da\u00f1o, mant\u00e9n tu salud, no te anotes en estas, an\u00f3tate en las cosas sanas, juventud sana, vida de futuro garantizada\u201d.<\/p>\n\n\n\n<p>Recientemente, la Organizaci\u00f3n Panamericana y Mundial de la Salud (OPS\/OMS) ha felicitado a la Rep\u00fablica Bolivariana de Venezuela por la reciente promulgaci\u00f3n de una resoluci\u00f3n que proh\u00edbe el uso y comercializaci\u00f3n de cigarrillos electr\u00f3nicos, vapeadores y productos relacionados con los sistemas electr\u00f3nicos de administraci\u00f3n de nicotina, sistemas electr\u00f3nicos similares sin nicotina y productos de tabaco calentado, en su territorio.<\/p>\n\n\n\n<p>La resoluci\u00f3n 414 se\u00f1ala en su texto que \u201cse proh\u00edbe la fabricaci\u00f3n, almacenamiento, distribuci\u00f3n, circulaci\u00f3n, comercializaci\u00f3n, importaci\u00f3n, exportaci\u00f3n, uso, consumo, publicidad, promoci\u00f3n y patrocinio de los sistemas electr\u00f3nicos de administraci\u00f3n de nicotina, sistemas electr\u00f3nicos similares sin nicotina, consumibles, dep\u00f3sitos o cartuchos, envases de consumibles de recarga, y dem\u00e1s accesorios, productos de tabaco calentado convencionales, y productos an\u00e1logos\u00bb.<\/p>\n\n\n\n<p>Para la OPS, esta acci\u00f3n \u201cse convierte en uno de los m\u00e1s importantes logros de la salud p\u00fablica venezolana de los \u00faltimos a\u00f1os y pone al pa\u00eds en el pelot\u00f3n de avanzada en la lucha contra el tabaco y derivados en la regi\u00f3n\u201d.<\/p>\n\n\n\n<p>De acuerdo con sus datos, Venezuela se ha posicionado como uno de los pa\u00edses con mayores avances en el control de tabaco de la regi\u00f3n, por ello en el 2020 recibi\u00f3 el Premio del D\u00eda Mundial Sin Tabaco, otorgado por la OMS.<\/p>\n\n\n\n<p><strong>Prensa Presidencial \/ Ana\u00eds P\u00e9rez<\/strong><\/p>\n","protected":false},"excerpt":{"rendered":"<p>Palacio de Miraflores, Caracas. &#8211; Venezuela ha tomado una medida de vanguardia en el mundo al prohibir uso y comercializaci\u00f3n de cigarrillos electr\u00f3nicos, asever\u00f3 el presidente de la Rep\u00fablica Bolivariana de Venezuela, Nicol\u00e1s Maduro, tras las felicitaciones de la Organizaci\u00f3n Panamericana de la Salud a Venezuela por promulgar esta resoluci\u00f3n que proh\u00edbe cigarrillos electr\u00f3nicos. \u201cLe [&hellip;]<\/p>\n","protected":false},"author":6,"featured_media":6224,"comment_status":"open","ping_status":"open","sticky":false,"template":"","format":"standard","meta":{"footnotes":""},"categories":[18,7],"tags":[30,19,27,20],"class_list":["post-6223","post","type-post","status-publish","format-standard","has-post-thumbnail","hentry","category-noticias-principales","category-notas-de-prensa","tag-destacado","tag-nicolas-maduro","tag-revolucion-bolivariana","tag-venezuela"],"_links":{"self":[{"href":"https:\/\/prensapresidencialvenezuela.gob.ve\/index.php\/wp-json\/wp\/v2\/posts\/6223","targetHints":{"allow":["GET"]}}],"collection":[{"href":"https:\/\/prensapresidencialvenezuela.gob.ve\/index.php\/wp-json\/wp\/v2\/posts"}],"about":[{"href":"https:\/\/prensapresidencialvenezuela.gob.ve\/index.php\/wp-json\/wp\/v2\/types\/post"}],"author":[{"embeddable":true,"href":"https:\/\/prensapresidencialvenezuela.gob.ve\/index.php\/wp-json\/wp\/v2\/users\/6"}],"replies":[{"embeddable":true,"href":"https:\/\/prensapresidencialvenezuela.gob.ve\/index.php\/wp-json\/wp\/v2\/comments?post=6223"}],"version-history":[{"count":1,"href":"https:\/\/prensapresidencialvenezuela.gob.ve\/index.php\/wp-json\/wp\/v2\/posts\/6223\/revisions"}],"predecessor-version":[{"id":6225,"href":"https:\/\/prensapresidencialvenezuela.gob.ve\/index.php\/wp-json\/wp\/v2\/posts\/6223\/revisions\/6225"}],"wp:featuredmedia":[{"embeddable":true,"href":"https:\/\/prensapresidencialvenezuela.gob.ve\/index.php\/wp-json\/wp\/v2\/media\/6224"}],"wp:attachment":[{"href":"https:\/\/prensapresidencialvenezuela.gob.ve\/index.php\/wp-json\/wp\/v2\/media?parent=6223"}],"wp:term":[{"taxonomy":"category","embeddable":true,"href":"https:\/\/prensapresidencialvenezuela.gob.ve\/index.php\/wp-json\/wp\/v2\/categories?post=6223"},{"taxonomy":"post_tag","embeddable":true,"href":"https:\/\/prensapresidencialvenezuela.gob.ve\/index.php\/wp-json\/wp\/v2\/tags?post=6223"}],"curies":[{"name":"wp","href":"https:\/\/api.w.org\/{rel}","templated":true}]}}