{"id":6226,"date":"2023-08-15T02:04:54","date_gmt":"2023-08-15T02:04:54","guid":{"rendered":"http:\/\/172.27.0.121\/?p=6226"},"modified":"2023-08-15T02:04:54","modified_gmt":"2023-08-15T02:04:54","slug":"venezuela-ratifica-voluntad-de-ayudar-a-colombia-a-construir-la-paz","status":"publish","type":"post","link":"https:\/\/prensapresidencialvenezuela.gob.ve\/index.php\/2023\/08\/15\/venezuela-ratifica-voluntad-de-ayudar-a-colombia-a-construir-la-paz\/","title":{"rendered":"Venezuela ratifica voluntad de ayudar a Colombia a construir la paz"},"content":{"rendered":"\n<p><strong>Palacio de Miraflores, Caracas. \u2013 <\/strong>El presidente de la Rep\u00fablica Bolivariana de Venezuela, Nicol\u00e1s Maduro, ratific\u00f3 voluntad de ayudar a Colombia a construir la paz, al referirse a la instalaci\u00f3n en la ciudad de Caracas del cuarto ciclo de di\u00e1logos de paz entre el Gobierno de Colombia y el Ej\u00e9rcito de Liberaci\u00f3n Nacional (ELN), en medio de la implementaci\u00f3n de un cese al fuego bilateral.<\/p>\n\n\n\n<p>\u201cRatifico la buena voluntad y disposici\u00f3n de Venezuela y del gobierno venezolano para ayudar a Colombia a construir la paz\u201d, exalt\u00f3 el jefe de Estado, porque \u201cla paz en Colombia es urgente, es inaplazable, es emergente, es necesaria\u201d.<\/p>\n\n\n\n<p>En su programa \u201cCon Maduro +\u201d, el Mandatario nacional expres\u00f3 que la \u201cpaz en Colombia no se puede retardar m\u00e1s, es una gran oportunidad que est\u00e1 dando el presidente Petro (Gustavo) para lograr la paz total\u201d.<\/p>\n\n\n\n<p>Ejemplific\u00f3 que de tener \u201cuna varita m\u00e1gica para hacer un milagro, yo tomar\u00eda la varita m\u00e1gica y tocar\u00eda las mentes y el esp\u00edritu de todos los actores armados en Colombia para sembrar valores de paz y decir que la paz es urgente en Colombia\u201d.<\/p>\n\n\n\n<p>El Dignatario insisti\u00f3 en que la paz en Colombia es la paz en Venezuela, la paz en Suram\u00e9rica. \u201cTodo el apoyo a todas estas negociaciones de paz\u201d.<\/p>\n\n\n\n<p><strong>Condolencias a familiares de Roberto Hern\u00e1ndez Montoya<\/strong><\/p>\n\n\n\n<p>Tambi\u00e9n, el jefe de Estado se solidariz\u00f3 con familiares y amigos del intelectual, humorista y comunicador venezolano, Roberto Hern\u00e1ndez Montoya. \u201cBendiciones y que descanse en paz Roberto Hern\u00e1ndez Montoya\u201d, dijo.<\/p>\n\n\n\n<p>Lo record\u00f3 por su gran labor en el Centro de Estudios Latinoamericanos R\u00f3mulo Gallegos (Fundaci\u00f3n Celarg), desde el a\u00f1o 2001, donde \u201chizo una gran labor por la cultura venezolana, por el teatro, el arte, las letras venezolanas, ha dejado un ejemplo, una obra, de gran inteligencia, chispa y humor\u201d.<\/p>\n\n\n\n<p>\u201cUn hombre de bien. \u00a1Honor y Gloria! a Roberto Hern\u00e1ndez Montoya. Mi abrazo de compa\u00f1\u00eda y solidaridad, a la familia, amistades y a todo el mundo de la cultura venezolana y Latinoam\u00e9rica. Vivir\u00e1s con nosotros siempre, con tu humor, tu alegr\u00eda y tu amor\u201d, manifest\u00f3 el jefe de Estado venezolano.<\/p>\n\n\n\n<p><strong>Prensa Presidencial \/ Ana\u00eds P\u00e9rez<\/strong><\/p>\n","protected":false},"excerpt":{"rendered":"<p>Palacio de Miraflores, Caracas. \u2013 El presidente de la Rep\u00fablica Bolivariana de Venezuela, Nicol\u00e1s Maduro, ratific\u00f3 voluntad de ayudar a Colombia a construir la paz, al referirse a la instalaci\u00f3n en la ciudad de Caracas del cuarto ciclo de di\u00e1logos de paz entre el Gobierno de Colombia y el Ej\u00e9rcito de Liberaci\u00f3n Nacional (ELN), en [&hellip;]<\/p>\n","protected":false},"author":6,"featured_media":6228,"comment_status":"open","ping_status":"open","sticky":false,"template":"","format":"standard","meta":{"footnotes":""},"categories":[18,7],"tags":[30,19,27,20],"class_list":["post-6226","post","type-post","status-publish","format-standard","has-post-thumbnail","hentry","category-noticias-principales","category-notas-de-prensa","tag-destacado","tag-nicolas-maduro","tag-revolucion-bolivariana","tag-venezuela"],"_links":{"self":[{"href":"https:\/\/prensapresidencialvenezuela.gob.ve\/index.php\/wp-json\/wp\/v2\/posts\/6226","targetHints":{"allow":["GET"]}}],"collection":[{"href":"https:\/\/prensapresidencialvenezuela.gob.ve\/index.php\/wp-json\/wp\/v2\/posts"}],"about":[{"href":"https:\/\/prensapresidencialvenezuela.gob.ve\/index.php\/wp-json\/wp\/v2\/types\/post"}],"author":[{"embeddable":true,"href":"https:\/\/prensapresidencialvenezuela.gob.ve\/index.php\/wp-json\/wp\/v2\/users\/6"}],"replies":[{"embeddable":true,"href":"https:\/\/prensapresidencialvenezuela.gob.ve\/index.php\/wp-json\/wp\/v2\/comments?post=6226"}],"version-history":[{"count":1,"href":"https:\/\/prensapresidencialvenezuela.gob.ve\/index.php\/wp-json\/wp\/v2\/posts\/6226\/revisions"}],"predecessor-version":[{"id":6229,"href":"https:\/\/prensapresidencialvenezuela.gob.ve\/index.php\/wp-json\/wp\/v2\/posts\/6226\/revisions\/6229"}],"wp:featuredmedia":[{"embeddable":true,"href":"https:\/\/prensapresidencialvenezuela.gob.ve\/index.php\/wp-json\/wp\/v2\/media\/6228"}],"wp:attachment":[{"href":"https:\/\/prensapresidencialvenezuela.gob.ve\/index.php\/wp-json\/wp\/v2\/media?parent=6226"}],"wp:term":[{"taxonomy":"category","embeddable":true,"href":"https:\/\/prensapresidencialvenezuela.gob.ve\/index.php\/wp-json\/wp\/v2\/categories?post=6226"},{"taxonomy":"post_tag","embeddable":true,"href":"https:\/\/prensapresidencialvenezuela.gob.ve\/index.php\/wp-json\/wp\/v2\/tags?post=6226"}],"curies":[{"name":"wp","href":"https:\/\/api.w.org\/{rel}","templated":true}]}}