{"id":6233,"date":"2023-08-15T02:59:18","date_gmt":"2023-08-15T02:59:18","guid":{"rendered":"http:\/\/172.27.0.121\/?p=6233"},"modified":"2023-08-15T02:59:18","modified_gmt":"2023-08-15T02:59:18","slug":"mas-de-40-movilizaciones-en-rechazo-a-las-sanciones-protagonizo-el-pueblo-del-7-al-13-de-agosto","status":"publish","type":"post","link":"https:\/\/prensapresidencialvenezuela.gob.ve\/index.php\/2023\/08\/15\/mas-de-40-movilizaciones-en-rechazo-a-las-sanciones-protagonizo-el-pueblo-del-7-al-13-de-agosto\/","title":{"rendered":"M\u00e1s de 40 movilizaciones en rechazo a las sanciones protagoniz\u00f3 el pueblo del 7 al 13 de agosto"},"content":{"rendered":"\n<p><strong>Palacio de Miraflores, Caracas. &#8211;<\/strong> Del 7 al 13 de agosto, se realizaron 43 movilizaciones populares en rechazo a las sanciones criminales impuestas a Venezuela, en los estados Carabobo, Zulia, M\u00e9rida, Lara, Barinas, Caracas, Miranda, Apure, Sucre, Falc\u00f3n, Delta Amacuro, Yaracuy, Aragua, Trujillo y Bol\u00edvar.<\/p>\n\n\n\n<p>Esta informaci\u00f3n la destac\u00f3 el presidente de la Rep\u00fablica Bolivariana de Venezuela, Nicol\u00e1s Maduro, en su programa \u201cCon Maduro +\u201d, realizado este lunes en el Palacio de Miraflores, en donde denunci\u00f3 que todas las movilizaciones fueron censuradas y vetadas por los medios de comunicaci\u00f3n.<\/p>\n\n\n\n<p>\u201c\u00a1A todas le aplicaron la pol\u00edtica del silencio!\u201d, manifest\u00f3.<\/p>\n\n\n\n<p>Su intervenci\u00f3n fue acompa\u00f1ada por la del dirigente ind\u00edgena de la Gran Sabana, Carlos Eduardo Somera, quien coment\u00f3 que la movilizaci\u00f3n celebrada en Santa Elena de Uair\u00e9n cont\u00f3 con la participaci\u00f3n de una \u201cdelegaci\u00f3n internacional\u201d.<\/p>\n\n\n\n<p>Somera enfatiz\u00f3 que los pueblos ind\u00edgenas demuestran a los gobiernos imperiales que \u201cno nos van a poder arrodillar\u201d, y que, ante las medidas coercitivas, \u201cdecimos, fortaleceremos nuestros conucos\u201d y seguiremos siendo \u201csujetos participantes y transformativos en el proceso de transformaci\u00f3n que vive el pa\u00eds\u201d.<\/p>\n\n\n\n<p>Por su parte, NeidimarRam\u00edrez, productora agr\u00edcola de Catia La Mar, estado La Guaira, habl\u00f3 del sancocho comunitario.<\/p>\n\n\n\n<p>La vocera destac\u00f3 el car\u00e1cter organizativo para realizar actividades comunitarias como el \u201ccafecito militante\u201d, para ratificar la participaci\u00f3n y protagonismo de la comunidad.<\/p>\n\n\n\n<p>Con seis semanas de trabajo, se han hecho 1.312 cafecitos militantes, 587 sancochos comunitarios, 628 despliegues sociales (visitas casa por casa), 2.839 reuniones y asambleas de base, 254 marchas locales y municipales, 4.459 encuentros organizativos, lo que significa que hemos \u201calcanzado movilizar en estas <a><\/a>seis semanas m\u00e1s de 2 millones 100 ciudadanos y ciudadanas\u201d, frente a la meta de movilizar 7 millones al 31 de diciembre de 2023.<\/p>\n\n\n\n<p><strong>Prensa Presidencial \/ Ana\u00eds P\u00e9rez<\/strong><\/p>\n","protected":false},"excerpt":{"rendered":"<p>Palacio de Miraflores, Caracas. &#8211; Del 7 al 13 de agosto, se realizaron 43 movilizaciones populares en rechazo a las sanciones criminales impuestas a Venezuela, en los estados Carabobo, Zulia, M\u00e9rida, Lara, Barinas, Caracas, Miranda, Apure, Sucre, Falc\u00f3n, Delta Amacuro, Yaracuy, Aragua, Trujillo y Bol\u00edvar. Esta informaci\u00f3n la destac\u00f3 el presidente de la Rep\u00fablica Bolivariana [&hellip;]<\/p>\n","protected":false},"author":6,"featured_media":6234,"comment_status":"open","ping_status":"open","sticky":false,"template":"","format":"standard","meta":{"footnotes":""},"categories":[18,7],"tags":[30,19,27,20],"class_list":["post-6233","post","type-post","status-publish","format-standard","has-post-thumbnail","hentry","category-noticias-principales","category-notas-de-prensa","tag-destacado","tag-nicolas-maduro","tag-revolucion-bolivariana","tag-venezuela"],"_links":{"self":[{"href":"https:\/\/prensapresidencialvenezuela.gob.ve\/index.php\/wp-json\/wp\/v2\/posts\/6233","targetHints":{"allow":["GET"]}}],"collection":[{"href":"https:\/\/prensapresidencialvenezuela.gob.ve\/index.php\/wp-json\/wp\/v2\/posts"}],"about":[{"href":"https:\/\/prensapresidencialvenezuela.gob.ve\/index.php\/wp-json\/wp\/v2\/types\/post"}],"author":[{"embeddable":true,"href":"https:\/\/prensapresidencialvenezuela.gob.ve\/index.php\/wp-json\/wp\/v2\/users\/6"}],"replies":[{"embeddable":true,"href":"https:\/\/prensapresidencialvenezuela.gob.ve\/index.php\/wp-json\/wp\/v2\/comments?post=6233"}],"version-history":[{"count":1,"href":"https:\/\/prensapresidencialvenezuela.gob.ve\/index.php\/wp-json\/wp\/v2\/posts\/6233\/revisions"}],"predecessor-version":[{"id":6235,"href":"https:\/\/prensapresidencialvenezuela.gob.ve\/index.php\/wp-json\/wp\/v2\/posts\/6233\/revisions\/6235"}],"wp:featuredmedia":[{"embeddable":true,"href":"https:\/\/prensapresidencialvenezuela.gob.ve\/index.php\/wp-json\/wp\/v2\/media\/6234"}],"wp:attachment":[{"href":"https:\/\/prensapresidencialvenezuela.gob.ve\/index.php\/wp-json\/wp\/v2\/media?parent=6233"}],"wp:term":[{"taxonomy":"category","embeddable":true,"href":"https:\/\/prensapresidencialvenezuela.gob.ve\/index.php\/wp-json\/wp\/v2\/categories?post=6233"},{"taxonomy":"post_tag","embeddable":true,"href":"https:\/\/prensapresidencialvenezuela.gob.ve\/index.php\/wp-json\/wp\/v2\/tags?post=6233"}],"curies":[{"name":"wp","href":"https:\/\/api.w.org\/{rel}","templated":true}]}}