{"id":625,"date":"2022-01-04T19:00:00","date_gmt":"2022-01-04T19:00:00","guid":{"rendered":"http:\/\/172.27.0.121\/?p=625"},"modified":"2022-05-13T03:00:31","modified_gmt":"2022-05-13T03:00:31","slug":"brigada-256-consolidara-logros-de-la-revolucion-bolivariana","status":"publish","type":"post","link":"https:\/\/prensapresidencialvenezuela.gob.ve\/index.php\/2022\/01\/04\/brigada-256-consolidara-logros-de-la-revolucion-bolivariana\/","title":{"rendered":"Brigada 256 consolidar\u00e1 logros de la Revoluci\u00f3n Bolivariana"},"content":{"rendered":"\n<p><strong>Fuerte Tiuna, Caracas.-<\/strong>&nbsp;En el marco de la construcci\u00f3n del nuevo sistema del 1\u00d710 del buen gobierno, el presidente del Partido Socialista Unido de Venezuela (PSUV), Nicol\u00e1s Maduro, exhort\u00f3 a los diputados y diputadas del bloque de la Patria a conformar la Brigada 256, para garantizar la b\u00fasqueda de soluciones ante los problemas que presentan las comunidades venezolanas.<\/p>\n\n\n\n<p>Durante una reuni\u00f3n con los diputados y diputadas del bloque de la Patria, el presidente de la tolda roja, destac\u00f3 que m\u00e1s all\u00e1 de las funciones como miembros de la Asamblea Nacional (AN), \u201cque tienen un compromiso con el pueblo como l\u00edderes sociales y pol\u00edticos, para ayudar al pueblo en la b\u00fasqueda de soluciones\u201d, se deben crear mecanismos de acci\u00f3n, alertas, denuncias y la b\u00fasqueda de soluciones a los verdaderos problemas del pueblo.<\/p>\n\n\n\n<p>\u201cHay que continuar con la batalla victoriosa, porque el 2021 fue un buen a\u00f1o de recuperaci\u00f3n y crecimiento social y econ\u00f3mico. Este a\u00f1o 2022 tiene que ser de consolidaci\u00f3n y crecimiento en la b\u00fasqueda de soluciones\u201d, indic\u00f3 el tambi\u00e9n Mandatario nacional.<\/p>\n\n\n\n<p>Finalmente, se\u00f1al\u00f3 que s\u00f3lo la ofensiva permanente a trav\u00e9s de los jefes y jefas de calle, permitir\u00e1 el logro de los objetivos de la Revoluci\u00f3n Bolivariana.<\/p>\n\n\n\n<p>\u201cEl pueblo nunca debe estar solo y debe tener compa\u00f1\u00eda, protecci\u00f3n y amor. Ese es uno de los elementos de nuestra Revoluci\u00f3n, que el pueblo siempre tenga a quien acudir y el abrazo protector de la Revoluci\u00f3n. All\u00ed est\u00e1 nuestra esencia\u201d.<\/p>\n\n\n\n<p><strong>Prensa Presidencial\/Joelin Jim\u00e9nez<\/strong><a rel=\"noreferrer noopener\" href=\"https:\/\/plus.google.com\/share?url=http:\/\/www.minci.gob.ve\/brigada-256-consolidara-logros-de-la-revolucion-bolivariana\/\" target=\"_blank\"><\/a><\/p>\n\n\n\n<p><\/p>\n","protected":false},"excerpt":{"rendered":"<p>Fuerte Tiuna, Caracas.-&nbsp;En el marco de la construcci\u00f3n del nuevo sistema del 1\u00d710 del buen gobierno, el presidente del Partido Socialista Unido de Venezuela (PSUV), Nicol\u00e1s Maduro, exhort\u00f3 a los diputados y diputadas del bloque de la Patria a conformar la Brigada 256, para garantizar la b\u00fasqueda de soluciones ante los problemas que presentan las [&hellip;]<\/p>\n","protected":false},"author":6,"featured_media":626,"comment_status":"open","ping_status":"open","sticky":false,"template":"","format":"standard","meta":{"footnotes":""},"categories":[7],"tags":[19,27,20],"class_list":["post-625","post","type-post","status-publish","format-standard","has-post-thumbnail","hentry","category-notas-de-prensa","tag-nicolas-maduro","tag-revolucion-bolivariana","tag-venezuela"],"_links":{"self":[{"href":"https:\/\/prensapresidencialvenezuela.gob.ve\/index.php\/wp-json\/wp\/v2\/posts\/625","targetHints":{"allow":["GET"]}}],"collection":[{"href":"https:\/\/prensapresidencialvenezuela.gob.ve\/index.php\/wp-json\/wp\/v2\/posts"}],"about":[{"href":"https:\/\/prensapresidencialvenezuela.gob.ve\/index.php\/wp-json\/wp\/v2\/types\/post"}],"author":[{"embeddable":true,"href":"https:\/\/prensapresidencialvenezuela.gob.ve\/index.php\/wp-json\/wp\/v2\/users\/6"}],"replies":[{"embeddable":true,"href":"https:\/\/prensapresidencialvenezuela.gob.ve\/index.php\/wp-json\/wp\/v2\/comments?post=625"}],"version-history":[{"count":1,"href":"https:\/\/prensapresidencialvenezuela.gob.ve\/index.php\/wp-json\/wp\/v2\/posts\/625\/revisions"}],"predecessor-version":[{"id":627,"href":"https:\/\/prensapresidencialvenezuela.gob.ve\/index.php\/wp-json\/wp\/v2\/posts\/625\/revisions\/627"}],"wp:featuredmedia":[{"embeddable":true,"href":"https:\/\/prensapresidencialvenezuela.gob.ve\/index.php\/wp-json\/wp\/v2\/media\/626"}],"wp:attachment":[{"href":"https:\/\/prensapresidencialvenezuela.gob.ve\/index.php\/wp-json\/wp\/v2\/media?parent=625"}],"wp:term":[{"taxonomy":"category","embeddable":true,"href":"https:\/\/prensapresidencialvenezuela.gob.ve\/index.php\/wp-json\/wp\/v2\/categories?post=625"},{"taxonomy":"post_tag","embeddable":true,"href":"https:\/\/prensapresidencialvenezuela.gob.ve\/index.php\/wp-json\/wp\/v2\/tags?post=625"}],"curies":[{"name":"wp","href":"https:\/\/api.w.org\/{rel}","templated":true}]}}