{"id":6250,"date":"2023-08-16T22:45:07","date_gmt":"2023-08-16T22:45:07","guid":{"rendered":"http:\/\/172.27.0.121\/?p=6250"},"modified":"2023-08-16T22:45:07","modified_gmt":"2023-08-16T22:45:07","slug":"venezuela-y-colombia-consolidan-relaciones-en-medio-de-la-renovacion-de-lazos-diplomaticos","status":"publish","type":"post","link":"https:\/\/prensapresidencialvenezuela.gob.ve\/index.php\/2023\/08\/16\/venezuela-y-colombia-consolidan-relaciones-en-medio-de-la-renovacion-de-lazos-diplomaticos\/","title":{"rendered":"Venezuela y Colombia consolidan relaciones en medio de la renovaci\u00f3n de lazos diplom\u00e1ticos"},"content":{"rendered":"\n<p><strong>Palacio de Miraflores, Caracas. &#8211;<\/strong>El nuevo embajador de Colombia en Venezuela,&nbsp;Milton Rengifo, entreg\u00f3 este mi\u00e9rcoles cartas credenciales ante el presidente de la Rep\u00fablica Bolivariana de Venezuela, Nicol\u00e1s Maduro, como parte del protocolo internacional para su acreditaci\u00f3n.<\/p>\n\n\n\n<p>La ceremonia protocolar se realiz\u00f3 en el sal\u00f3n Sol del Per\u00fa del Palacio de Miraflores, en la ciudad de Caracas, para consolidar las relaciones que lograron renovar Bogot\u00e1 y Caracas tras la llegada del presidente Gustavo Petro a la presidencia del pa\u00eds suramericano.<\/p>\n\n\n\n<p>Rengifo fue designado el pasado 5 de junio; es polit\u00f3logo y se desempe\u00f1\u00f3 como subsecretario de Ambiente y luego de Asuntos Locales y Desarrollo Ciudadano.<\/p>\n\n\n\n<p>De 2000 a 2006, estuvo como magistrado auxiliar en la Corte Suprema de Justicia.<\/p>\n\n\n\n<p>Entre 2006 y 2010, fue asesor de la Unidad de Trabajo Legislativo del entonces senador Gustavo Petro.<\/p>\n\n\n\n<p>Entre 2012 y 2015, trabaj\u00f3 en la Alcald\u00eda de Bogot\u00e1 en las Secretar\u00edas de Gobierno y de Medio Ambiente.<\/p>\n\n\n\n<p>Durante 12 a\u00f1os trabaj\u00f3 para el entonces senador Gustavo Petro, como asesor legislativo en el Congreso de Colombia.<\/p>\n\n\n\n<p>Trabaj\u00f3 como asesor independiente, con la Uni\u00f3n Europea y tambi\u00e9n con el Servicio Nacional de Aprendizaje (SENA) donde ocup\u00f3 el cargo de Director de Gesti\u00f3n Comunitaria en la Empresa de Acueducto de Bogot\u00e1.<\/p>\n\n\n\n<p>Los v\u00ednculos entre las dos naciones, que establecieron relaciones diplom\u00e1ticas el 27 de noviembre de 1831, en la actualidad atraviesan un buen momento.<\/p>\n\n\n\n<p>Ambas partes han manifestado el inter\u00e9s por avanzar en la consolidaci\u00f3n de las relaciones y defensa de los lazos hist\u00f3ricos de hermandad binacional.<\/p>\n\n\n\n<p>En la actualidad, los dos pa\u00edses trabajan en la reconstrucci\u00f3n de una agenda bilateral amplia y robusta, en beneficio de ambos pueblos.<\/p>\n\n\n\n<p><strong>Prensa Presidencial \/ Ana\u00eds P\u00e9rez<\/strong><\/p>\n","protected":false},"excerpt":{"rendered":"<p>Palacio de Miraflores, Caracas. &#8211;El nuevo embajador de Colombia en Venezuela,&nbsp;Milton Rengifo, entreg\u00f3 este mi\u00e9rcoles cartas credenciales ante el presidente de la Rep\u00fablica Bolivariana de Venezuela, Nicol\u00e1s Maduro, como parte del protocolo internacional para su acreditaci\u00f3n. La ceremonia protocolar se realiz\u00f3 en el sal\u00f3n Sol del Per\u00fa del Palacio de Miraflores, en la ciudad de [&hellip;]<\/p>\n","protected":false},"author":6,"featured_media":6251,"comment_status":"open","ping_status":"open","sticky":false,"template":"","format":"standard","meta":{"footnotes":""},"categories":[18,7],"tags":[40,30,38,19,27,20],"class_list":["post-6250","post","type-post","status-publish","format-standard","has-post-thumbnail","hentry","category-noticias-principales","category-notas-de-prensa","tag-colombia","tag-destacado","tag-diplomacia-bolivariana-de-paz","tag-nicolas-maduro","tag-revolucion-bolivariana","tag-venezuela"],"_links":{"self":[{"href":"https:\/\/prensapresidencialvenezuela.gob.ve\/index.php\/wp-json\/wp\/v2\/posts\/6250","targetHints":{"allow":["GET"]}}],"collection":[{"href":"https:\/\/prensapresidencialvenezuela.gob.ve\/index.php\/wp-json\/wp\/v2\/posts"}],"about":[{"href":"https:\/\/prensapresidencialvenezuela.gob.ve\/index.php\/wp-json\/wp\/v2\/types\/post"}],"author":[{"embeddable":true,"href":"https:\/\/prensapresidencialvenezuela.gob.ve\/index.php\/wp-json\/wp\/v2\/users\/6"}],"replies":[{"embeddable":true,"href":"https:\/\/prensapresidencialvenezuela.gob.ve\/index.php\/wp-json\/wp\/v2\/comments?post=6250"}],"version-history":[{"count":1,"href":"https:\/\/prensapresidencialvenezuela.gob.ve\/index.php\/wp-json\/wp\/v2\/posts\/6250\/revisions"}],"predecessor-version":[{"id":6252,"href":"https:\/\/prensapresidencialvenezuela.gob.ve\/index.php\/wp-json\/wp\/v2\/posts\/6250\/revisions\/6252"}],"wp:featuredmedia":[{"embeddable":true,"href":"https:\/\/prensapresidencialvenezuela.gob.ve\/index.php\/wp-json\/wp\/v2\/media\/6251"}],"wp:attachment":[{"href":"https:\/\/prensapresidencialvenezuela.gob.ve\/index.php\/wp-json\/wp\/v2\/media?parent=6250"}],"wp:term":[{"taxonomy":"category","embeddable":true,"href":"https:\/\/prensapresidencialvenezuela.gob.ve\/index.php\/wp-json\/wp\/v2\/categories?post=6250"},{"taxonomy":"post_tag","embeddable":true,"href":"https:\/\/prensapresidencialvenezuela.gob.ve\/index.php\/wp-json\/wp\/v2\/tags?post=6250"}],"curies":[{"name":"wp","href":"https:\/\/api.w.org\/{rel}","templated":true}]}}