{"id":6263,"date":"2023-08-17T23:15:27","date_gmt":"2023-08-17T23:15:27","guid":{"rendered":"http:\/\/172.27.0.121\/?p=6263"},"modified":"2023-08-17T23:15:27","modified_gmt":"2023-08-17T23:15:27","slug":"presidente-instruye-sinergia-absoluta-entre-el-1x10-del-buen-gobierno-y-las-bases-de-misiones-socialistas","status":"publish","type":"post","link":"https:\/\/prensapresidencialvenezuela.gob.ve\/index.php\/2023\/08\/17\/presidente-instruye-sinergia-absoluta-entre-el-1x10-del-buen-gobierno-y-las-bases-de-misiones-socialistas\/","title":{"rendered":"Presidente instruye sinergia absoluta entre el 1&#215;10 del Buen Gobierno y las Bases de Misiones Socialistas"},"content":{"rendered":"\n<p><strong>La Vega, Caracas. &#8211;<\/strong>El trabajo conjunto entre el Sistema 1&#215;10 del Buen Gobierno y las Bases de Misiones Sociales es el binomio id\u00f3neo para que las pol\u00edticas p\u00fablicas en favor del pueblo, se lleven a buen t\u00e9rmino supliendo las necesidades de las comunidades de todo el pa\u00eds.<\/p>\n\n\n\n<p>El jefe de Estado se refiri\u00f3 a la importancia de concatenar ambos programas sociales, al realizar contacto televisivo con varios estados del pa\u00eds para revisar los avances de las Bases de Misiones Socialistas.<\/p>\n\n\n\n<p>\u201cEl Sistema 1&#215;10 del Buen Gobierno, ahora junto a las Bases de Misiones, tenemos que todo funcione de manera complementaria, siempre con el pueblo\u201d, asever\u00f3 el jefe de Estado venezolano.<\/p>\n\n\n\n<p>Este jueves, en Petare, en el sector Las Casitas, fue inaugurada la Base de Misiones Socialistas \u00ab5 de Julio\u00bb, con el fin de promover una nueva cultura de paz dirigido a todas las comunidades en el estado Miranda.<\/p>\n\n\n\n<p>En el lugar estuvieron presentes la Vicepresidenta Ejecutiva, Delcy Rodr\u00edguez; el alcalde de Jos\u00e9 Vicente Rangel Avalos; el ministro de Alimentaci\u00f3n, Carlos Leal Teller\u00eda y vocera de la Base de Misiones del Barrio 5 de Julio, Mar\u00eda Maita.<\/p>\n\n\n\n<p>En La Guaira, en la calle principal del Barrio 10 de Marz<a><\/a>o, parroquia Carlos Soublette, se reinaugur\u00f3 un Centro de Alta Tecnolog\u00eda (CAT), creado por la Misi\u00f3n Barrido Adentro.<\/p>\n\n\n\n<p>\u201cTodo el Sistema de Barrio Adentro hay que reequiparlo, recuperarlo, mejorarlo y ponerlo al servicio de la gente, de nuestro pueblo\u201d, pidi\u00f3 el jefe de Estado.<\/p>\n\n\n\n<p>Por su parte, el gobernador de la entidad, Jos\u00e9 Alejandro Ter\u00e1n, se\u00f1al\u00f3 que la Guaira cuenta \u201ccon cinco nuevas ambulancias, para fortalecer el Sistema de Misiones y Grandes Misiones y la pol\u00edtica de 0800 Salud La Guiara\u201d.<\/p>\n\n\n\n<p>Este CAT cuenta actualmente consta de un tom\u00f3grafo de alta tecnolog\u00eda completamente operativo, que permitir\u00e1 la atenci\u00f3n de m\u00e1s de 15 pacientes por d\u00eda.<\/p>\n\n\n\n<p>Con estos trabajos, tambi\u00e9n se logr\u00f3 la reactivaci\u00f3n de los servicios para tomograf\u00eda, resonancia magn\u00e9tica, mamograf\u00eda, laboratorio y rayos X.<\/p>\n\n\n\n<p>En Cuman\u00e1, en el Barrio Brasil, parroquia Altagracia, el gobernador Gilberto Pinto, pormenoriz\u00f3 sobre la reinauguraci\u00f3n de la Base de Misiones Lorenza Malav\u00e9, para beneficiar a mil 387 familias, lo que se traduce en 3 mil 189 habitantes.<\/p>\n\n\n\n<p>El presidente Nicol\u00e1s Maduro, reiter\u00f3 que este jueves se est\u00e1n inaugurando 100 nuevas Bases de Misiones en todo el pa\u00eds para llegar a 2 mil bases de misiones.<\/p>\n\n\n\n<p>\u201cEn diciembre de este a\u00f1o llegaremos a 2.500 bases de misiones integrales para las comunidades\u201d, puntualiz\u00f3.<\/p>\n\n\n\n<p><strong>Prensa Presidencial \/ Ana\u00eds P\u00e9rez<\/strong><\/p>\n","protected":false},"excerpt":{"rendered":"<p>La Vega, Caracas. &#8211;El trabajo conjunto entre el Sistema 1&#215;10 del Buen Gobierno y las Bases de Misiones Sociales es el binomio id\u00f3neo para que las pol\u00edticas p\u00fablicas en favor del pueblo, se lleven a buen t\u00e9rmino supliendo las necesidades de las comunidades de todo el pa\u00eds. El jefe de Estado se refiri\u00f3 a la [&hellip;]<\/p>\n","protected":false},"author":6,"featured_media":6265,"comment_status":"open","ping_status":"open","sticky":false,"template":"","format":"standard","meta":{"footnotes":""},"categories":[18,7],"tags":[30,19,27,20],"class_list":["post-6263","post","type-post","status-publish","format-standard","has-post-thumbnail","hentry","category-noticias-principales","category-notas-de-prensa","tag-destacado","tag-nicolas-maduro","tag-revolucion-bolivariana","tag-venezuela"],"_links":{"self":[{"href":"https:\/\/prensapresidencialvenezuela.gob.ve\/index.php\/wp-json\/wp\/v2\/posts\/6263","targetHints":{"allow":["GET"]}}],"collection":[{"href":"https:\/\/prensapresidencialvenezuela.gob.ve\/index.php\/wp-json\/wp\/v2\/posts"}],"about":[{"href":"https:\/\/prensapresidencialvenezuela.gob.ve\/index.php\/wp-json\/wp\/v2\/types\/post"}],"author":[{"embeddable":true,"href":"https:\/\/prensapresidencialvenezuela.gob.ve\/index.php\/wp-json\/wp\/v2\/users\/6"}],"replies":[{"embeddable":true,"href":"https:\/\/prensapresidencialvenezuela.gob.ve\/index.php\/wp-json\/wp\/v2\/comments?post=6263"}],"version-history":[{"count":1,"href":"https:\/\/prensapresidencialvenezuela.gob.ve\/index.php\/wp-json\/wp\/v2\/posts\/6263\/revisions"}],"predecessor-version":[{"id":6266,"href":"https:\/\/prensapresidencialvenezuela.gob.ve\/index.php\/wp-json\/wp\/v2\/posts\/6263\/revisions\/6266"}],"wp:featuredmedia":[{"embeddable":true,"href":"https:\/\/prensapresidencialvenezuela.gob.ve\/index.php\/wp-json\/wp\/v2\/media\/6265"}],"wp:attachment":[{"href":"https:\/\/prensapresidencialvenezuela.gob.ve\/index.php\/wp-json\/wp\/v2\/media?parent=6263"}],"wp:term":[{"taxonomy":"category","embeddable":true,"href":"https:\/\/prensapresidencialvenezuela.gob.ve\/index.php\/wp-json\/wp\/v2\/categories?post=6263"},{"taxonomy":"post_tag","embeddable":true,"href":"https:\/\/prensapresidencialvenezuela.gob.ve\/index.php\/wp-json\/wp\/v2\/tags?post=6263"}],"curies":[{"name":"wp","href":"https:\/\/api.w.org\/{rel}","templated":true}]}}