{"id":6301,"date":"2023-08-22T02:04:36","date_gmt":"2023-08-22T02:04:36","guid":{"rendered":"http:\/\/172.27.0.121\/?p=6301"},"modified":"2023-08-22T02:04:36","modified_gmt":"2023-08-22T02:04:36","slug":"presidente-maduro-denuncia-censura-en-medios-y-redes-sociales","status":"publish","type":"post","link":"https:\/\/prensapresidencialvenezuela.gob.ve\/index.php\/2023\/08\/22\/presidente-maduro-denuncia-censura-en-medios-y-redes-sociales\/","title":{"rendered":"Presidente Maduro denuncia censura en medios y redes sociales"},"content":{"rendered":"\n<p><strong>Palacio de Miraflores, Caracas. \u2013 <\/strong>Este lunes, durante la edici\u00f3n N\u00ba 13 del programa \u201cCon Maduro +\u201d, el presidente venezolano, Nicol\u00e1s Maduro Moros, denuncio la censura que hacen los medios de comunicaci\u00f3n y las redes sociales sobre las movilizaciones populares en respaldo al Gobierno Bolivariano.<\/p>\n\n\n\n<p>\u201cNo es la primera vez que nos censuran, que los tapan, que nos silencian, que nos aplican la pol\u00edtica del hielo; no hay democracia ni libertad para ellos; porque el pueblo para ellos no existe\u201d, subray\u00f3.<\/p>\n\n\n\n<p>En esa l\u00ednea, destac\u00f3 que el pueblo est\u00e1 en las calles y por tal motivo \u201cCon Maduro +\u201d expone las movilizaciones nacidas de las bases.<\/p>\n\n\n\n<p>\u201cPor eso yo uso este programa para mostrar la verdad, para que abran los ojos los que est\u00e1n enceguecidos de odio y sepan que hay un pueblo dispuesto a combatir por la paz, por la soberan\u00eda, por la democracia, por la verdad y por la vida\u201d, puntualiz\u00f3.<\/p>\n\n\n\n<p>Asimismo, orient\u00f3 a la construcci\u00f3n de una red de redes sociales que muestren la verdad de Venezuela, las movilizaciones y la experiencia de la naci\u00f3n.<\/p>\n\n\n\n<p>\u201cHay que romper la censura, el veto, silencio (\u2026) y lo pueden hacer ustedes en la base, si todos ustedes, en su cuentas de redes sociales se ponen, se organizan, hay que organizar\u201d, asever\u00f3.<\/p>\n\n\n\n<p>El Jefe de Estado inst\u00f3 al pueblo a construir<a><\/a> una nueva mayor\u00eda para garantizar \u201cla paz en primer lugar, la recuperaci\u00f3n econ\u00f3mica, para combatir contra las sanciones criminales y para garantizar la reconstrucci\u00f3n del Estado de bienestar social que nos dej\u00f3 el comandante Hugo Ch\u00e1vez\u201d.<\/p>\n\n\n\n<p><strong>Prensa Presidencial \/ <\/strong><strong>Eduardo Hueck<\/strong><strong><\/strong><\/p>\n","protected":false},"excerpt":{"rendered":"<p>Palacio de Miraflores, Caracas. \u2013 Este lunes, durante la edici\u00f3n N\u00ba 13 del programa \u201cCon Maduro +\u201d, el presidente venezolano, Nicol\u00e1s Maduro Moros, denuncio la censura que hacen los medios de comunicaci\u00f3n y las redes sociales sobre las movilizaciones populares en respaldo al Gobierno Bolivariano. \u201cNo es la primera vez que nos censuran, que los [&hellip;]<\/p>\n","protected":false},"author":6,"featured_media":6302,"comment_status":"open","ping_status":"open","sticky":false,"template":"","format":"standard","meta":{"footnotes":""},"categories":[18,7],"tags":[30,19,27,20],"class_list":["post-6301","post","type-post","status-publish","format-standard","has-post-thumbnail","hentry","category-noticias-principales","category-notas-de-prensa","tag-destacado","tag-nicolas-maduro","tag-revolucion-bolivariana","tag-venezuela"],"_links":{"self":[{"href":"https:\/\/prensapresidencialvenezuela.gob.ve\/index.php\/wp-json\/wp\/v2\/posts\/6301","targetHints":{"allow":["GET"]}}],"collection":[{"href":"https:\/\/prensapresidencialvenezuela.gob.ve\/index.php\/wp-json\/wp\/v2\/posts"}],"about":[{"href":"https:\/\/prensapresidencialvenezuela.gob.ve\/index.php\/wp-json\/wp\/v2\/types\/post"}],"author":[{"embeddable":true,"href":"https:\/\/prensapresidencialvenezuela.gob.ve\/index.php\/wp-json\/wp\/v2\/users\/6"}],"replies":[{"embeddable":true,"href":"https:\/\/prensapresidencialvenezuela.gob.ve\/index.php\/wp-json\/wp\/v2\/comments?post=6301"}],"version-history":[{"count":1,"href":"https:\/\/prensapresidencialvenezuela.gob.ve\/index.php\/wp-json\/wp\/v2\/posts\/6301\/revisions"}],"predecessor-version":[{"id":6303,"href":"https:\/\/prensapresidencialvenezuela.gob.ve\/index.php\/wp-json\/wp\/v2\/posts\/6301\/revisions\/6303"}],"wp:featuredmedia":[{"embeddable":true,"href":"https:\/\/prensapresidencialvenezuela.gob.ve\/index.php\/wp-json\/wp\/v2\/media\/6302"}],"wp:attachment":[{"href":"https:\/\/prensapresidencialvenezuela.gob.ve\/index.php\/wp-json\/wp\/v2\/media?parent=6301"}],"wp:term":[{"taxonomy":"category","embeddable":true,"href":"https:\/\/prensapresidencialvenezuela.gob.ve\/index.php\/wp-json\/wp\/v2\/categories?post=6301"},{"taxonomy":"post_tag","embeddable":true,"href":"https:\/\/prensapresidencialvenezuela.gob.ve\/index.php\/wp-json\/wp\/v2\/tags?post=6301"}],"curies":[{"name":"wp","href":"https:\/\/api.w.org\/{rel}","templated":true}]}}