{"id":6333,"date":"2023-08-23T19:05:11","date_gmt":"2023-08-23T19:05:11","guid":{"rendered":"http:\/\/172.27.0.121\/?p=6333"},"modified":"2023-08-23T19:05:11","modified_gmt":"2023-08-23T19:05:11","slug":"canciller-yvan-gil-arriba-a-sudafrica-a-proposito-de-la-xv-cumbre-de-los-brics","status":"publish","type":"post","link":"https:\/\/prensapresidencialvenezuela.gob.ve\/index.php\/2023\/08\/23\/canciller-yvan-gil-arriba-a-sudafrica-a-proposito-de-la-xv-cumbre-de-los-brics\/","title":{"rendered":"Canciller Yv\u00e1n Gil arriba a Sud\u00e1frica a prop\u00f3sito de la XV Cumbre de los BRICS"},"content":{"rendered":"\n<p><strong>Johannesburgo, Sud\u00e1frica.-<\/strong>&nbsp; El canciller de la Rep\u00fablica Bolivariana de Venezuela, Yv\u00e1n Gil Pinto, arrib\u00f3 este mi\u00e9rcoles a la Base A\u00e9rea Waterkloof, ubicada en Pretoria, capital de Sud\u00e1frica, a prop\u00f3sito de la XV Cumbre de los BRICS &nbsp;(Brasil, Rusia, India, China y Sud\u00e1frica), que se realiza del 22 al 24 de agosto en el pa\u00eds sudafricano.<\/p>\n\n\n\n<p>El diplom\u00e1tico venezolano es recibido por la ministra de Defensa de Sud\u00e1frica, Thandi Modise; y la embajadora de Venezuela en Sud\u00e1frica, Mairin Moreno. En representaci\u00f3n de Venezuela tambi\u00e9n se encuentra el viceministro para \u00c1frica, Yuri Pimentel.<\/p>\n\n\n\n<p>La XV Cumbre de los BRICS re\u00fane a representantes de los pa\u00edses miembros en la ciudad sudafricana de Johannesburgo, con el prop\u00f3sito de afianzar las estrategias pol\u00edticas y comerciales, adem\u00e1s del di\u00e1logo multipolar que permita la creaci\u00f3n de intercambios en pro del desarrollo sostenible e inclusivo de los pueblos.<\/p>\n\n\n\n<p>En tanto, el gobierno ruso ha asegurado en las \u00faltimas semanas que uno de los puntos a debatir en la d\u00e9cimo quinta edici\u00f3n de esta organizaci\u00f3n es la ampliaci\u00f3n del grupo BRICS, como parte de la agenda econ\u00f3mico y comercial de los pa\u00edses miembros, que buscan establecer acciones efectivas para el desarrollo de los pueblos, adem\u00e1s de impulsar el di\u00e1logo y la cooperaci\u00f3n multilateral.<\/p>\n\n\n\n<p>En d\u00edas pasados, pa\u00edses como Venezuela, Argentina, Arabia Saudita, Argelia, Egipto, Indonesia, Ir\u00e1n, Turqu\u00eda, entre otros, han mostrado inter\u00e9s por adherirse al organismo, por considerarlo una organizaci\u00f3n que busca impulsar la construcci\u00f3n de un nuevo orden mundial, que siente las bases de una geopol\u00edtica econ\u00f3mica y comercial.<\/p>\n\n\n\n<p><strong>Prensa Presidencial \/ Joelin Jim\u00e9nez<\/strong><\/p>\n","protected":false},"excerpt":{"rendered":"<p>Johannesburgo, Sud\u00e1frica.-&nbsp; El canciller de la Rep\u00fablica Bolivariana de Venezuela, Yv\u00e1n Gil Pinto, arrib\u00f3 este mi\u00e9rcoles a la Base A\u00e9rea Waterkloof, ubicada en Pretoria, capital de Sud\u00e1frica, a prop\u00f3sito de la XV Cumbre de los BRICS &nbsp;(Brasil, Rusia, India, China y Sud\u00e1frica), que se realiza del 22 al 24 de agosto en el pa\u00eds sudafricano. [&hellip;]<\/p>\n","protected":false},"author":6,"featured_media":6334,"comment_status":"open","ping_status":"open","sticky":false,"template":"","format":"standard","meta":{"footnotes":""},"categories":[18,10],"tags":[125,30,38,19,27,77,20],"class_list":["post-6333","post","type-post","status-publish","format-standard","has-post-thumbnail","hentry","category-noticias-principales","category-especiales","tag-brics","tag-destacado","tag-diplomacia-bolivariana-de-paz","tag-nicolas-maduro","tag-revolucion-bolivariana","tag-sudafrica","tag-venezuela"],"_links":{"self":[{"href":"https:\/\/prensapresidencialvenezuela.gob.ve\/index.php\/wp-json\/wp\/v2\/posts\/6333","targetHints":{"allow":["GET"]}}],"collection":[{"href":"https:\/\/prensapresidencialvenezuela.gob.ve\/index.php\/wp-json\/wp\/v2\/posts"}],"about":[{"href":"https:\/\/prensapresidencialvenezuela.gob.ve\/index.php\/wp-json\/wp\/v2\/types\/post"}],"author":[{"embeddable":true,"href":"https:\/\/prensapresidencialvenezuela.gob.ve\/index.php\/wp-json\/wp\/v2\/users\/6"}],"replies":[{"embeddable":true,"href":"https:\/\/prensapresidencialvenezuela.gob.ve\/index.php\/wp-json\/wp\/v2\/comments?post=6333"}],"version-history":[{"count":1,"href":"https:\/\/prensapresidencialvenezuela.gob.ve\/index.php\/wp-json\/wp\/v2\/posts\/6333\/revisions"}],"predecessor-version":[{"id":6335,"href":"https:\/\/prensapresidencialvenezuela.gob.ve\/index.php\/wp-json\/wp\/v2\/posts\/6333\/revisions\/6335"}],"wp:featuredmedia":[{"embeddable":true,"href":"https:\/\/prensapresidencialvenezuela.gob.ve\/index.php\/wp-json\/wp\/v2\/media\/6334"}],"wp:attachment":[{"href":"https:\/\/prensapresidencialvenezuela.gob.ve\/index.php\/wp-json\/wp\/v2\/media?parent=6333"}],"wp:term":[{"taxonomy":"category","embeddable":true,"href":"https:\/\/prensapresidencialvenezuela.gob.ve\/index.php\/wp-json\/wp\/v2\/categories?post=6333"},{"taxonomy":"post_tag","embeddable":true,"href":"https:\/\/prensapresidencialvenezuela.gob.ve\/index.php\/wp-json\/wp\/v2\/tags?post=6333"}],"curies":[{"name":"wp","href":"https:\/\/api.w.org\/{rel}","templated":true}]}}