{"id":6340,"date":"2023-08-28T23:27:02","date_gmt":"2023-08-28T23:27:02","guid":{"rendered":"http:\/\/172.27.0.121\/?p=6340"},"modified":"2023-08-28T23:27:02","modified_gmt":"2023-08-28T23:27:02","slug":"brics-representan-el-nuevo-orden-mundial-sin-colonialismo","status":"publish","type":"post","link":"https:\/\/prensapresidencialvenezuela.gob.ve\/index.php\/2023\/08\/28\/brics-representan-el-nuevo-orden-mundial-sin-colonialismo\/","title":{"rendered":"BRICS representan el nuevo orden mundial sin colonialismo"},"content":{"rendered":"\n<p><strong>Palacio de Miraflores, Caracas.- <\/strong>La XV Cumbre de los BRICS (Brasil, Rusia, India, China y Sud\u00e1frica), que se realiz\u00f3 del 22 al 24 de agosto, evidenci\u00f3 que constituye \u201cel nuevo orden mundial sin hegemonismo, sin imperios, sin colonialismo y de pa\u00edses libres e independientes, de pueblos soberanos\u201d.<\/p>\n\n\n\n<p>La afirmaci\u00f3n corresponde al presidente de la Rep\u00fablica, Nicol\u00e1s Maduro, quien valor\u00f3 positivamente la incorporaci\u00f3n \u2013a partir del 1\u00b0 de enero de 2024- de Argentina, Arabia Saudita, Egipto, Emiratos \u00c1rabes Unidos, Etiop\u00eda e Ir\u00e1n, dado que multiplicar\u00e1n la influencia financiera y monetaria del bloque econ\u00f3mico.<\/p>\n\n\n\n<p>En este sentido, subray\u00f3 la firme posici\u00f3n del BRICS sobre el uso de monedas nacionales en el comercio internacional, as\u00ed como en las transacciones financieras entre sus miembros y socios comerciales.<\/p>\n\n\n\n<p>\u201cHan decidido hacer el comercio inter BRICS en monedas nacionales, un paso gigantesco a la construcci\u00f3n del sistema monetario del mundo nuevo, del mundo del cambio, del mundo al que pertenecemos\u201d, puntualiz\u00f3 durante la emisi\u00f3n del programa <em>Con Maduro+<\/em>, transmitido a trav\u00e9s de Venezolana de Televisi\u00f3n (VTV).<\/p>\n\n\n\n<p>De acuerdo con la declaraci\u00f3n final de la XV Cumbre de los BRICS, los Estados miembros consideran que no solo mejorar\u00e1 la cooperaci\u00f3n, sino que contribuir\u00e1 \u201ca fomentar un di\u00e1logo sobre las herramientas de pago para facilitar el comercio y los flujos de inversi\u00f3n entre los miembros del BRICS, as\u00ed como otros pa\u00edses en desarrollo\u201d.<\/p>\n\n\n\n<p>En relaci\u00f3n a la participaci\u00f3n de Venezuela en la XV Cumbre de los BRICS, el jefe de Estado agradeci\u00f3 la invitaci\u00f3n de Sud\u00e1frica, por tanto, representa la primera intervenci\u00f3n de la naci\u00f3n suramericana en el bloque fundado en 2009 y ampliado en 2010.<\/p>\n\n\n\n<p>\u201cFuimos invitados por primera vez a los BRICS (\u2026) El Canciller Yv\u00e1n Gil recogi\u00f3 la buena impresi\u00f3n que caus\u00f3 el discurso que hice a nombre de Venezuela en los BRICS\u201d, agreg\u00f3.<\/p>\n\n\n\n<p>Por otro lado, el mandatario nacional recalc\u00f3 que el Comandante Hugo Ch\u00e1vez ser\u00eda el primero en visualizar el papel estrat\u00e9gico de los BRICS en el futuro, plasm\u00e1ndolo incluso en el Plan de la Patria al contemplar el relacionamiento de Venezuela con los pa\u00edses BRICS.<\/p>\n\n\n\n<p><strong>Prensa Presidencial \/ Karelis Gonz\u00e1lez<\/strong><\/p>\n","protected":false},"excerpt":{"rendered":"<p>Palacio de Miraflores, Caracas.- La XV Cumbre de los BRICS (Brasil, Rusia, India, China y Sud\u00e1frica), que se realiz\u00f3 del 22 al 24 de agosto, evidenci\u00f3 que constituye \u201cel nuevo orden mundial sin hegemonismo, sin imperios, sin colonialismo y de pa\u00edses libres e independientes, de pueblos soberanos\u201d. La afirmaci\u00f3n corresponde al presidente de la Rep\u00fablica, [&hellip;]<\/p>\n","protected":false},"author":6,"featured_media":6342,"comment_status":"open","ping_status":"open","sticky":false,"template":"","format":"standard","meta":{"footnotes":""},"categories":[18,7],"tags":[125,30,19,27,20],"class_list":["post-6340","post","type-post","status-publish","format-standard","has-post-thumbnail","hentry","category-noticias-principales","category-notas-de-prensa","tag-brics","tag-destacado","tag-nicolas-maduro","tag-revolucion-bolivariana","tag-venezuela"],"_links":{"self":[{"href":"https:\/\/prensapresidencialvenezuela.gob.ve\/index.php\/wp-json\/wp\/v2\/posts\/6340","targetHints":{"allow":["GET"]}}],"collection":[{"href":"https:\/\/prensapresidencialvenezuela.gob.ve\/index.php\/wp-json\/wp\/v2\/posts"}],"about":[{"href":"https:\/\/prensapresidencialvenezuela.gob.ve\/index.php\/wp-json\/wp\/v2\/types\/post"}],"author":[{"embeddable":true,"href":"https:\/\/prensapresidencialvenezuela.gob.ve\/index.php\/wp-json\/wp\/v2\/users\/6"}],"replies":[{"embeddable":true,"href":"https:\/\/prensapresidencialvenezuela.gob.ve\/index.php\/wp-json\/wp\/v2\/comments?post=6340"}],"version-history":[{"count":1,"href":"https:\/\/prensapresidencialvenezuela.gob.ve\/index.php\/wp-json\/wp\/v2\/posts\/6340\/revisions"}],"predecessor-version":[{"id":6343,"href":"https:\/\/prensapresidencialvenezuela.gob.ve\/index.php\/wp-json\/wp\/v2\/posts\/6340\/revisions\/6343"}],"wp:featuredmedia":[{"embeddable":true,"href":"https:\/\/prensapresidencialvenezuela.gob.ve\/index.php\/wp-json\/wp\/v2\/media\/6342"}],"wp:attachment":[{"href":"https:\/\/prensapresidencialvenezuela.gob.ve\/index.php\/wp-json\/wp\/v2\/media?parent=6340"}],"wp:term":[{"taxonomy":"category","embeddable":true,"href":"https:\/\/prensapresidencialvenezuela.gob.ve\/index.php\/wp-json\/wp\/v2\/categories?post=6340"},{"taxonomy":"post_tag","embeddable":true,"href":"https:\/\/prensapresidencialvenezuela.gob.ve\/index.php\/wp-json\/wp\/v2\/tags?post=6340"}],"curies":[{"name":"wp","href":"https:\/\/api.w.org\/{rel}","templated":true}]}}