{"id":6344,"date":"2023-08-28T23:36:06","date_gmt":"2023-08-28T23:36:06","guid":{"rendered":"http:\/\/172.27.0.121\/?p=6344"},"modified":"2023-08-28T23:36:06","modified_gmt":"2023-08-28T23:36:06","slug":"presidente-maduro-la-oposicion-hace-tiempo-perdio-la-brujula","status":"publish","type":"post","link":"https:\/\/prensapresidencialvenezuela.gob.ve\/index.php\/2023\/08\/28\/presidente-maduro-la-oposicion-hace-tiempo-perdio-la-brujula\/","title":{"rendered":"Presidente Maduro: La oposici\u00f3n hace tiempo perdi\u00f3 la br\u00fajula"},"content":{"rendered":"\n<p><strong>Palacio de Miraflores, Caracas.- <\/strong>Al se\u00f1alar que \u201ctodo este grupo de la oposici\u00f3n viene de derrota en derrota, de fracaso en fracaso, de conspiraci\u00f3n en conspiraci\u00f3n\u201d, el presidente de la Rep\u00fablica, Nicol\u00e1s Maduro, asever\u00f3 que la extrema derecha perdi\u00f3 la br\u00fajula, producto \u201cdel odio que tienen acumulado\u201d.<\/p>\n\n\n\n<p>La afirmaci\u00f3n responde al pronunciamiento del dirigente opositor Henry Ramos Allup sobre las declaraciones emitidas por el pr\u00f3fugo de la justicia venezolana Antonio Ledezma sobre una presunta conspiraci\u00f3n con militares. En este sentido, consider\u00f3 que si era una mentira no debi\u00f3 decirlo, dado que podr\u00eda \u201cilusionar falsamente a los que creen en la idea del golpe\u201d.<\/p>\n\n\n\n<p>&nbsp;\u201c(\u2026) Eso que dijo este personaje, peor que un crimen es una estupidez. Si es verdad que est\u00e1s conspirando con militares para tumbar el Gobierno. \u00bfC\u00f3mo lo vas a decir, chico? \u00bfVas a exponer a los que le van a dar el golpe a Maduro? Y si es embuste, tampoco puedes decir una mentira de ese tama\u00f1o para ilusionar falsamente a los que creen en la idea est\u00fapida del golpe\u201d, expres\u00f3 Henry Ramos Allup desde el Colegio de Ingenieros de Caracas.<\/p>\n\n\n\n<p>Al respecto, el mandatario venezolano puntualiz\u00f3 que la extrema derecha \u201canda con doble agenda\u201d, particularmente Ramos Allup, cuyas declaraciones son \u201cpr\u00e1cticamente un consejo para los golpistas: si quieren dar un golpe y tienen c\u00f3mo intentar dar un golpe, no lo digan. \u00a1H\u00e1ganlo!\u201d.<\/p>\n\n\n\n<p>Enfatiz\u00f3 que la dirigencia opositora est\u00e1 agotada, raz\u00f3n por la cual consider\u00f3 que \u201cya todos deber\u00edan colgar los guantes y darle paso a otra generaci\u00f3n de nuevos l\u00edderes que no tengan planes extremistas, tanto odio, tanto deseo de venganza\u201d.<\/p>\n\n\n\n<p>Indic\u00f3 que, aunque sectores de la ultraderecha a\u00fan pujen por sembrar desestabilizaci\u00f3n, Venezuela transita firmemente por una senda victoriosa en la que se fortalece la democracia, la libertad y la capacidad de respuesta a las necesidades del pueblo.<\/p>\n\n\n\n<p><strong>Prensa Presidencial \/ Karelis Gonz\u00e1lez<\/strong><\/p>\n","protected":false},"excerpt":{"rendered":"<p>Palacio de Miraflores, Caracas.- Al se\u00f1alar que \u201ctodo este grupo de la oposici\u00f3n viene de derrota en derrota, de fracaso en fracaso, de conspiraci\u00f3n en conspiraci\u00f3n\u201d, el presidente de la Rep\u00fablica, Nicol\u00e1s Maduro, asever\u00f3 que la extrema derecha perdi\u00f3 la br\u00fajula, producto \u201cdel odio que tienen acumulado\u201d. La afirmaci\u00f3n responde al pronunciamiento del dirigente opositor [&hellip;]<\/p>\n","protected":false},"author":6,"featured_media":6346,"comment_status":"open","ping_status":"open","sticky":false,"template":"","format":"standard","meta":{"footnotes":""},"categories":[18,7],"tags":[30,19,27,20],"class_list":["post-6344","post","type-post","status-publish","format-standard","has-post-thumbnail","hentry","category-noticias-principales","category-notas-de-prensa","tag-destacado","tag-nicolas-maduro","tag-revolucion-bolivariana","tag-venezuela"],"_links":{"self":[{"href":"https:\/\/prensapresidencialvenezuela.gob.ve\/index.php\/wp-json\/wp\/v2\/posts\/6344","targetHints":{"allow":["GET"]}}],"collection":[{"href":"https:\/\/prensapresidencialvenezuela.gob.ve\/index.php\/wp-json\/wp\/v2\/posts"}],"about":[{"href":"https:\/\/prensapresidencialvenezuela.gob.ve\/index.php\/wp-json\/wp\/v2\/types\/post"}],"author":[{"embeddable":true,"href":"https:\/\/prensapresidencialvenezuela.gob.ve\/index.php\/wp-json\/wp\/v2\/users\/6"}],"replies":[{"embeddable":true,"href":"https:\/\/prensapresidencialvenezuela.gob.ve\/index.php\/wp-json\/wp\/v2\/comments?post=6344"}],"version-history":[{"count":1,"href":"https:\/\/prensapresidencialvenezuela.gob.ve\/index.php\/wp-json\/wp\/v2\/posts\/6344\/revisions"}],"predecessor-version":[{"id":6347,"href":"https:\/\/prensapresidencialvenezuela.gob.ve\/index.php\/wp-json\/wp\/v2\/posts\/6344\/revisions\/6347"}],"wp:featuredmedia":[{"embeddable":true,"href":"https:\/\/prensapresidencialvenezuela.gob.ve\/index.php\/wp-json\/wp\/v2\/media\/6346"}],"wp:attachment":[{"href":"https:\/\/prensapresidencialvenezuela.gob.ve\/index.php\/wp-json\/wp\/v2\/media?parent=6344"}],"wp:term":[{"taxonomy":"category","embeddable":true,"href":"https:\/\/prensapresidencialvenezuela.gob.ve\/index.php\/wp-json\/wp\/v2\/categories?post=6344"},{"taxonomy":"post_tag","embeddable":true,"href":"https:\/\/prensapresidencialvenezuela.gob.ve\/index.php\/wp-json\/wp\/v2\/tags?post=6344"}],"curies":[{"name":"wp","href":"https:\/\/api.w.org\/{rel}","templated":true}]}}