{"id":6348,"date":"2023-08-28T23:50:58","date_gmt":"2023-08-28T23:50:58","guid":{"rendered":"http:\/\/172.27.0.121\/?p=6348"},"modified":"2023-08-28T23:50:58","modified_gmt":"2023-08-28T23:50:58","slug":"venezuela-traza-como-prioridad-avanzar-en-la-integracion-economica-con-brasil-y-colombia","status":"publish","type":"post","link":"https:\/\/prensapresidencialvenezuela.gob.ve\/index.php\/2023\/08\/28\/venezuela-traza-como-prioridad-avanzar-en-la-integracion-economica-con-brasil-y-colombia\/","title":{"rendered":"Venezuela traza como prioridad avanzar en la integraci\u00f3n econ\u00f3mica con Brasil y Colombia"},"content":{"rendered":"\n<p><strong>Palacio de Miraflores, Caracas.- <\/strong>Al reci\u00e9n designado ministro del Poder Popular para Industrias y Producci\u00f3n Nacional, Jos\u00e9 F\u00e9lix Rivas Alvarado, el presidente de la Rep\u00fablica, Nicol\u00e1s Maduro, encomend\u00f3 avanzar en la integraci\u00f3n econ\u00f3mica con Brasil y Colombia, principalmente establecer mecanismos para fomentar inversiones.<\/p>\n\n\n\n<p>Durante la emisi\u00f3n del programa <em>Con Maduro+<\/em>, transmitido a trav\u00e9s de Venezolana de Televisi\u00f3n (VTV), orden\u00f3 estudiar a profundidad los 18 motores de la Agenda Econ\u00f3mica Bolivariana, dado que \u201cabren la posibilidad de inversi\u00f3n del capital suramericano para ir avanzando en el logro de la integraci\u00f3n\u201d.<\/p>\n\n\n\n<p>\u201cLo he hablado con el presidente (Gustavo) Petro, con el presidente Lula lo he hablado a profundidad (\u2026) atraer capital de Colombia y de Brasil para el desarrollo econ\u00f3mico de Venezuela\u201d, agreg\u00f3.<\/p>\n\n\n\n<p>Al respecto, el titular de Industrias y Producci\u00f3n Nacional subray\u00f3 que la oportunidad que surge a partir del relacionamiento con Brasil y Colombia \u201ctenemos que aprovecharla y creo que podemos llevarla a un proceso ganar-ganar\u201d.<\/p>\n\n\n\n<p>Destac\u00f3 que, en este sentido, se vislumbra en el horizonte el fortalecimiento de la capacidad productiva para producir bienes, generar infraestructura, energ\u00eda y conocimiento entre Brasil, Colombia y Venezuela para el crecimiento conjunto.<\/p>\n\n\n\n<p>\u201cLa integraci\u00f3n es hija del desarrollo. El desarrollo nacional no se puede concebir sin la integraci\u00f3n de un bloque regional\u201d, puntualiz\u00f3 Rivas Alvarado.<\/p>\n\n\n\n<p>La designaci\u00f3n de Jos\u00e9 F\u00e9lix Rivas Alvarado est\u00e1 contenida en el Decreto N\u00b0 4.848, de la Gaceta Oficial Extraordinaria N\u00b06.762, de fecha 28 de agosto.<\/p>\n\n\n\n<p><strong>Prensa Presidencial \/ Karelis Gonz\u00e1lez<\/strong><\/p>\n","protected":false},"excerpt":{"rendered":"<p>Palacio de Miraflores, Caracas.- Al reci\u00e9n designado ministro del Poder Popular para Industrias y Producci\u00f3n Nacional, Jos\u00e9 F\u00e9lix Rivas Alvarado, el presidente de la Rep\u00fablica, Nicol\u00e1s Maduro, encomend\u00f3 avanzar en la integraci\u00f3n econ\u00f3mica con Brasil y Colombia, principalmente establecer mecanismos para fomentar inversiones. Durante la emisi\u00f3n del programa Con Maduro+, transmitido a trav\u00e9s de Venezolana [&hellip;]<\/p>\n","protected":false},"author":6,"featured_media":6349,"comment_status":"open","ping_status":"open","sticky":false,"template":"","format":"standard","meta":{"footnotes":""},"categories":[18,7],"tags":[30,21,19,27,20],"class_list":["post-6348","post","type-post","status-publish","format-standard","has-post-thumbnail","hentry","category-noticias-principales","category-notas-de-prensa","tag-destacado","tag-economia-venezolana","tag-nicolas-maduro","tag-revolucion-bolivariana","tag-venezuela"],"_links":{"self":[{"href":"https:\/\/prensapresidencialvenezuela.gob.ve\/index.php\/wp-json\/wp\/v2\/posts\/6348","targetHints":{"allow":["GET"]}}],"collection":[{"href":"https:\/\/prensapresidencialvenezuela.gob.ve\/index.php\/wp-json\/wp\/v2\/posts"}],"about":[{"href":"https:\/\/prensapresidencialvenezuela.gob.ve\/index.php\/wp-json\/wp\/v2\/types\/post"}],"author":[{"embeddable":true,"href":"https:\/\/prensapresidencialvenezuela.gob.ve\/index.php\/wp-json\/wp\/v2\/users\/6"}],"replies":[{"embeddable":true,"href":"https:\/\/prensapresidencialvenezuela.gob.ve\/index.php\/wp-json\/wp\/v2\/comments?post=6348"}],"version-history":[{"count":1,"href":"https:\/\/prensapresidencialvenezuela.gob.ve\/index.php\/wp-json\/wp\/v2\/posts\/6348\/revisions"}],"predecessor-version":[{"id":6350,"href":"https:\/\/prensapresidencialvenezuela.gob.ve\/index.php\/wp-json\/wp\/v2\/posts\/6348\/revisions\/6350"}],"wp:featuredmedia":[{"embeddable":true,"href":"https:\/\/prensapresidencialvenezuela.gob.ve\/index.php\/wp-json\/wp\/v2\/media\/6349"}],"wp:attachment":[{"href":"https:\/\/prensapresidencialvenezuela.gob.ve\/index.php\/wp-json\/wp\/v2\/media?parent=6348"}],"wp:term":[{"taxonomy":"category","embeddable":true,"href":"https:\/\/prensapresidencialvenezuela.gob.ve\/index.php\/wp-json\/wp\/v2\/categories?post=6348"},{"taxonomy":"post_tag","embeddable":true,"href":"https:\/\/prensapresidencialvenezuela.gob.ve\/index.php\/wp-json\/wp\/v2\/tags?post=6348"}],"curies":[{"name":"wp","href":"https:\/\/api.w.org\/{rel}","templated":true}]}}