{"id":6362,"date":"2023-08-29T01:47:18","date_gmt":"2023-08-29T01:47:18","guid":{"rendered":"http:\/\/172.27.0.121\/?p=6362"},"modified":"2023-08-29T01:47:18","modified_gmt":"2023-08-29T01:47:18","slug":"mas-de-2-millones-500-mil-venezolanos-se-han-movilizado","status":"publish","type":"post","link":"https:\/\/prensapresidencialvenezuela.gob.ve\/index.php\/2023\/08\/29\/mas-de-2-millones-500-mil-venezolanos-se-han-movilizado\/","title":{"rendered":"M\u00e1s de 2 millones 500 mil venezolanos se han movilizado"},"content":{"rendered":"\n<p><strong>Palacio de Miraflores, Caracas.- <\/strong>El presidente El presidente Rep\u00fablica Bolivariana de Venezuela, Nicol\u00e1s Maduro Moros, inform\u00f3 que en mes y medo se han movilizado m\u00e1s de 2.581.980 venezolanos y venezolanas en todas las regiones del pa\u00eds.<\/p>\n\n\n\n<p>El Jefe de Estado detall\u00f3 que fueron realizadas 40 marchas, en menos de 24 horas, las cuales est\u00e1n distribuida en los estados Anzo\u00e1tegui, Apure, Aragua, Barinas, Bol\u00edvar, Gu\u00e1rico, Caracas, Lara, M\u00e9rida, Monagas, Nueva Esparta, Portuguesa, Sucre, La Guaira, Trujillo, Yaracuy, Zulia.<\/p>\n\n\n\n<p>Maduro, durante la emisi\u00f3n del programa&nbsp; N\u00ba 14 de \u201cCon Maduro +\u201d, transmitido a trav\u00e9s de Venezolana de Televisi\u00f3n (VTV), denunci\u00f3 que contin\u00faa la campa\u00f1a de invisibilizaci\u00f3n las movilizaciones que realiza el pueblo.<\/p>\n\n\n\n<p>\u201cSe hacen los locos creen que invisibilizandonos, ignor\u00e1ndonos, censur\u00e1ndonos, creen que vet\u00e1ndonos, ellos creen que cambia la realidad; y la realidad es un pueblo consciente, organizado y movilizado, auto-convocado\u201d, subray\u00f3.<\/p>\n\n\n\n<p>El Jefe de Estado orient\u00f3 al pueblo a romper la censura y el veto con \u201cuna s\u00faper campa\u00f1a\u201d, pues los medios \u201cquieren tapar la verdad, tienen miedo a la verdad, les aterra la verdad de que en Venezuela no podido con el pueblo; ni con sanciones criminales, bloqueo, guerra econ\u00f3mica,&nbsp; ni con guerra psicol\u00f3gica, no han podido obligar al pueblo de Venezuela, no podido liberar la moral de la gente\u201d.<\/p>\n\n\n\n<p>El Dignatario en esa l\u00ednea, destac\u00f3 que estas acciones contra el pueblo venezolano lo que ha hecho es incrementar \u201cla moral, la conciencia, la organizaci\u00f3n\u201d del Poder Popular que esta movilizado.<\/p>\n\n\n\n<p>En contexto, el pueblo venezolano ha salido a las calles en todas las regiones del pa\u00eds para demostrar su apoyo al Gobierno Nacional y las medidas de protecci\u00f3n social ante los constantes acosos de naciones imperialistas que buscan desestabilizar Venezuela.<\/p>\n\n\n\n<p><strong>Prensa Presidencial \/ Eduardo Hueck<\/strong><\/p>\n","protected":false},"excerpt":{"rendered":"<p>Palacio de Miraflores, Caracas.- El presidente El presidente Rep\u00fablica Bolivariana de Venezuela, Nicol\u00e1s Maduro Moros, inform\u00f3 que en mes y medo se han movilizado m\u00e1s de 2.581.980 venezolanos y venezolanas en todas las regiones del pa\u00eds. El Jefe de Estado detall\u00f3 que fueron realizadas 40 marchas, en menos de 24 horas, las cuales est\u00e1n distribuida [&hellip;]<\/p>\n","protected":false},"author":6,"featured_media":6363,"comment_status":"open","ping_status":"open","sticky":false,"template":"","format":"standard","meta":{"footnotes":""},"categories":[18,7],"tags":[30,19,27,20],"class_list":["post-6362","post","type-post","status-publish","format-standard","has-post-thumbnail","hentry","category-noticias-principales","category-notas-de-prensa","tag-destacado","tag-nicolas-maduro","tag-revolucion-bolivariana","tag-venezuela"],"_links":{"self":[{"href":"https:\/\/prensapresidencialvenezuela.gob.ve\/index.php\/wp-json\/wp\/v2\/posts\/6362","targetHints":{"allow":["GET"]}}],"collection":[{"href":"https:\/\/prensapresidencialvenezuela.gob.ve\/index.php\/wp-json\/wp\/v2\/posts"}],"about":[{"href":"https:\/\/prensapresidencialvenezuela.gob.ve\/index.php\/wp-json\/wp\/v2\/types\/post"}],"author":[{"embeddable":true,"href":"https:\/\/prensapresidencialvenezuela.gob.ve\/index.php\/wp-json\/wp\/v2\/users\/6"}],"replies":[{"embeddable":true,"href":"https:\/\/prensapresidencialvenezuela.gob.ve\/index.php\/wp-json\/wp\/v2\/comments?post=6362"}],"version-history":[{"count":1,"href":"https:\/\/prensapresidencialvenezuela.gob.ve\/index.php\/wp-json\/wp\/v2\/posts\/6362\/revisions"}],"predecessor-version":[{"id":6364,"href":"https:\/\/prensapresidencialvenezuela.gob.ve\/index.php\/wp-json\/wp\/v2\/posts\/6362\/revisions\/6364"}],"wp:featuredmedia":[{"embeddable":true,"href":"https:\/\/prensapresidencialvenezuela.gob.ve\/index.php\/wp-json\/wp\/v2\/media\/6363"}],"wp:attachment":[{"href":"https:\/\/prensapresidencialvenezuela.gob.ve\/index.php\/wp-json\/wp\/v2\/media?parent=6362"}],"wp:term":[{"taxonomy":"category","embeddable":true,"href":"https:\/\/prensapresidencialvenezuela.gob.ve\/index.php\/wp-json\/wp\/v2\/categories?post=6362"},{"taxonomy":"post_tag","embeddable":true,"href":"https:\/\/prensapresidencialvenezuela.gob.ve\/index.php\/wp-json\/wp\/v2\/tags?post=6362"}],"curies":[{"name":"wp","href":"https:\/\/api.w.org\/{rel}","templated":true}]}}