{"id":6382,"date":"2023-08-31T19:42:19","date_gmt":"2023-08-31T19:42:19","guid":{"rendered":"http:\/\/172.27.0.121\/?p=6382"},"modified":"2023-08-31T19:56:42","modified_gmt":"2023-08-31T19:56:42","slug":"presidencialven-en-linea-n-17","status":"publish","type":"post","link":"https:\/\/prensapresidencialvenezuela.gob.ve\/index.php\/2023\/08\/31\/presidencialven-en-linea-n-17\/","title":{"rendered":"PresidencialVen en L\u00ednea | N\u00b0 17"},"content":{"rendered":"\n<p>El presidente Nicol\u00e1s Maduro, promulg\u00f3 la Ley Org\u00e1nica de Coordinaci\u00f3n y Armonizaci\u00f3n de las Potestades Tributarias de los Estados y Municipios, con el prop\u00f3sito de impulsar el pa\u00eds hacia la recuperaci\u00f3n econ\u00f3mica. \u00c9stas y otras informaciones en PresidencialVen en L\u00ednea. <\/p>\n\n\n\n<figure class=\"wp-block-audio\"><audio controls src=\"https:\/\/prensapresidencialvenezuela.gob.ve\/wp-content\/uploads\/2023\/08\/PRESIDENCIAL-VEN-No17.mp3\"><\/audio><\/figure>\n\n\n\n<p><\/p>\n","protected":false},"excerpt":{"rendered":"<p>El presidente Nicol\u00e1s Maduro, promulg\u00f3 la Ley Org\u00e1nica de Coordinaci\u00f3n y Armonizaci\u00f3n de las Potestades Tributarias de los Estados y Municipios, con el prop\u00f3sito de impulsar el pa\u00eds hacia la recuperaci\u00f3n econ\u00f3mica. \u00c9stas y otras informaciones en PresidencialVen en L\u00ednea.<\/p>\n","protected":false},"author":6,"featured_media":5456,"comment_status":"open","ping_status":"open","sticky":false,"template":"","format":"standard","meta":{"footnotes":""},"categories":[18,3],"tags":[],"class_list":["post-6382","post","type-post","status-publish","format-standard","has-post-thumbnail","hentry","category-noticias-principales","category-contenido-de-audios"],"_links":{"self":[{"href":"https:\/\/prensapresidencialvenezuela.gob.ve\/index.php\/wp-json\/wp\/v2\/posts\/6382","targetHints":{"allow":["GET"]}}],"collection":[{"href":"https:\/\/prensapresidencialvenezuela.gob.ve\/index.php\/wp-json\/wp\/v2\/posts"}],"about":[{"href":"https:\/\/prensapresidencialvenezuela.gob.ve\/index.php\/wp-json\/wp\/v2\/types\/post"}],"author":[{"embeddable":true,"href":"https:\/\/prensapresidencialvenezuela.gob.ve\/index.php\/wp-json\/wp\/v2\/users\/6"}],"replies":[{"embeddable":true,"href":"https:\/\/prensapresidencialvenezuela.gob.ve\/index.php\/wp-json\/wp\/v2\/comments?post=6382"}],"version-history":[{"count":1,"href":"https:\/\/prensapresidencialvenezuela.gob.ve\/index.php\/wp-json\/wp\/v2\/posts\/6382\/revisions"}],"predecessor-version":[{"id":6384,"href":"https:\/\/prensapresidencialvenezuela.gob.ve\/index.php\/wp-json\/wp\/v2\/posts\/6382\/revisions\/6384"}],"wp:featuredmedia":[{"embeddable":true,"href":"https:\/\/prensapresidencialvenezuela.gob.ve\/index.php\/wp-json\/wp\/v2\/media\/5456"}],"wp:attachment":[{"href":"https:\/\/prensapresidencialvenezuela.gob.ve\/index.php\/wp-json\/wp\/v2\/media?parent=6382"}],"wp:term":[{"taxonomy":"category","embeddable":true,"href":"https:\/\/prensapresidencialvenezuela.gob.ve\/index.php\/wp-json\/wp\/v2\/categories?post=6382"},{"taxonomy":"post_tag","embeddable":true,"href":"https:\/\/prensapresidencialvenezuela.gob.ve\/index.php\/wp-json\/wp\/v2\/tags?post=6382"}],"curies":[{"name":"wp","href":"https:\/\/api.w.org\/{rel}","templated":true}]}}