{"id":6393,"date":"2023-05-31T20:49:00","date_gmt":"2023-05-31T20:49:00","guid":{"rendered":"http:\/\/172.27.0.121\/?p=6393"},"modified":"2024-04-24T08:12:01","modified_gmt":"2024-04-24T12:12:01","slug":"discurso-intervencion-del-jefe-de-estado-nicolas-maduro-en-la-reunion-de-presidentes-de-los-paises-de-america-del-sur","status":"publish","type":"post","link":"https:\/\/prensapresidencialvenezuela.gob.ve\/index.php\/2023\/05\/31\/discurso-intervencion-del-jefe-de-estado-nicolas-maduro-en-la-reunion-de-presidentes-de-los-paises-de-america-del-sur\/","title":{"rendered":"Intervenci\u00f3n del jefe de Estado Nicol\u00e1s Maduro en la Reuni\u00f3n de Presidentes de los pa\u00edses de Am\u00e9rica del Sur"},"content":{"rendered":"\n<p>Pongamos de lado esa ideologizaci\u00f3n y demos pasos adelante con visi\u00f3n de Estado, con visi\u00f3n de altura, para que esta iniciativa que ha tomado el presidente Lula y que hemos acogido todos con benepl\u00e1cito, sea el inicio de una nueva etapa de encuentro, reencuentro, reuni\u00f3n y ojal\u00e1 uni\u00f3n verdadera de Suram\u00e9rica.<\/p>\n\n\n\n<p>Descargue aqu\u00ed el discurso integro:<\/p>\n\n\n\n<div class=\"wp-block-file\"><a id=\"wp-block-file--media-5c11a566-fdda-47af-a61e-764d0d6e65be\" href=\"https:\/\/prensapresidencialvenezuela.gob.ve\/wp-content\/uploads\/2023\/08\/REUNION-DE-PRESIDENTES-DE-AMERICA-DEL-SUR-1-3-1.pdf\">REUNION-DE-PRESIDENTES-DE-AMERICA-DEL-SUR-1-3-1<\/a><a href=\"https:\/\/prensapresidencialvenezuela.gob.ve\/wp-content\/uploads\/2023\/08\/REUNION-DE-PRESIDENTES-DE-AMERICA-DEL-SUR-1-3-1.pdf\" class=\"wp-block-file__button\" download aria-describedby=\"wp-block-file--media-5c11a566-fdda-47af-a61e-764d0d6e65be\">Descarga<\/a><\/div>\n","protected":false},"excerpt":{"rendered":"<p>Pongamos de lado esa ideologizaci\u00f3n y demos pasos adelante con visi\u00f3n de Estado, con visi\u00f3n de altura, para que esta iniciativa que ha tomado el presidente Lula y que hemos acogido todos con benepl\u00e1cito, sea el inicio de una nueva etapa de encuentro, reencuentro, reuni\u00f3n y ojal\u00e1 uni\u00f3n verdadera de Suram\u00e9rica. Descargue aqu\u00ed el discurso [&hellip;]<\/p>\n","protected":false},"author":6,"featured_media":6395,"comment_status":"open","ping_status":"open","sticky":false,"template":"","format":"standard","meta":{"footnotes":""},"categories":[18,8],"tags":[],"class_list":["post-6393","post","type-post","status-publish","format-standard","has-post-thumbnail","hentry","category-noticias-principales","category-notas-del-discurso"],"_links":{"self":[{"href":"https:\/\/prensapresidencialvenezuela.gob.ve\/index.php\/wp-json\/wp\/v2\/posts\/6393","targetHints":{"allow":["GET"]}}],"collection":[{"href":"https:\/\/prensapresidencialvenezuela.gob.ve\/index.php\/wp-json\/wp\/v2\/posts"}],"about":[{"href":"https:\/\/prensapresidencialvenezuela.gob.ve\/index.php\/wp-json\/wp\/v2\/types\/post"}],"author":[{"embeddable":true,"href":"https:\/\/prensapresidencialvenezuela.gob.ve\/index.php\/wp-json\/wp\/v2\/users\/6"}],"replies":[{"embeddable":true,"href":"https:\/\/prensapresidencialvenezuela.gob.ve\/index.php\/wp-json\/wp\/v2\/comments?post=6393"}],"version-history":[{"count":6,"href":"https:\/\/prensapresidencialvenezuela.gob.ve\/index.php\/wp-json\/wp\/v2\/posts\/6393\/revisions"}],"predecessor-version":[{"id":10606,"href":"https:\/\/prensapresidencialvenezuela.gob.ve\/index.php\/wp-json\/wp\/v2\/posts\/6393\/revisions\/10606"}],"wp:featuredmedia":[{"embeddable":true,"href":"https:\/\/prensapresidencialvenezuela.gob.ve\/index.php\/wp-json\/wp\/v2\/media\/6395"}],"wp:attachment":[{"href":"https:\/\/prensapresidencialvenezuela.gob.ve\/index.php\/wp-json\/wp\/v2\/media?parent=6393"}],"wp:term":[{"taxonomy":"category","embeddable":true,"href":"https:\/\/prensapresidencialvenezuela.gob.ve\/index.php\/wp-json\/wp\/v2\/categories?post=6393"},{"taxonomy":"post_tag","embeddable":true,"href":"https:\/\/prensapresidencialvenezuela.gob.ve\/index.php\/wp-json\/wp\/v2\/tags?post=6393"}],"curies":[{"name":"wp","href":"https:\/\/api.w.org\/{rel}","templated":true}]}}