{"id":6404,"date":"2023-06-13T21:00:00","date_gmt":"2023-06-13T21:00:00","guid":{"rendered":"http:\/\/172.27.0.121\/?p=6404"},"modified":"2024-04-24T08:11:25","modified_gmt":"2024-04-24T12:11:25","slug":"discurso-comision-mixta-de-alto-nivel-iran-venezuela-en-el-marco-de-la-visita-oficial-del-presidente-de-la-republica-islamica-de-iran-ebrahim-raisi","status":"publish","type":"post","link":"https:\/\/prensapresidencialvenezuela.gob.ve\/index.php\/2023\/06\/13\/discurso-comision-mixta-de-alto-nivel-iran-venezuela-en-el-marco-de-la-visita-oficial-del-presidente-de-la-republica-islamica-de-iran-ebrahim-raisi\/","title":{"rendered":"Comisi\u00f3n Mixta de Alto Nivel  Ir\u00e1n-Venezuela, en el marco de la visita oficial del presidente de la  Rep\u00fablica Isl\u00e1mica de Ir\u00e1n, Ebrahim Raisi"},"content":{"rendered":"\n<p>Ir\u00e1n y Venezuela estamos unidos en el alma, estamos unidos&nbsp;espiritualmente y hoy vamos estar cada vez m\u00e1s unidos en la&nbsp;construcci\u00f3n de esa prosperidad econ\u00f3mica, de esa estabilidad econ\u00f3mica.<\/p>\n\n\n\n<p>Descargue el discurso \u00edntegro aqu\u00ed<\/p>\n\n\n\n<div class=\"wp-block-file\"><a id=\"wp-block-file--media-d5df151e-fa9d-41c0-a0fc-8fc7427b884b\" href=\"https:\/\/prensapresidencialvenezuela.gob.ve\/wp-content\/uploads\/2023\/08\/FOLLETO-IRAN-VENEZUELA.pdf\">FOLLETO-IRAN-VENEZUELA<\/a><a href=\"https:\/\/prensapresidencialvenezuela.gob.ve\/wp-content\/uploads\/2023\/08\/FOLLETO-IRAN-VENEZUELA.pdf\" class=\"wp-block-file__button\" download aria-describedby=\"wp-block-file--media-d5df151e-fa9d-41c0-a0fc-8fc7427b884b\">Descarga<\/a><\/div>\n","protected":false},"excerpt":{"rendered":"<p>Ir\u00e1n y Venezuela estamos unidos en el alma, estamos unidos&nbsp;espiritualmente y hoy vamos estar cada vez m\u00e1s unidos en la&nbsp;construcci\u00f3n de esa prosperidad econ\u00f3mica, de esa estabilidad econ\u00f3mica. Descargue el discurso \u00edntegro aqu\u00ed<\/p>\n","protected":false},"author":6,"featured_media":6405,"comment_status":"open","ping_status":"open","sticky":false,"template":"","format":"standard","meta":{"footnotes":""},"categories":[18,8],"tags":[],"class_list":["post-6404","post","type-post","status-publish","format-standard","has-post-thumbnail","hentry","category-noticias-principales","category-notas-del-discurso"],"_links":{"self":[{"href":"https:\/\/prensapresidencialvenezuela.gob.ve\/index.php\/wp-json\/wp\/v2\/posts\/6404","targetHints":{"allow":["GET"]}}],"collection":[{"href":"https:\/\/prensapresidencialvenezuela.gob.ve\/index.php\/wp-json\/wp\/v2\/posts"}],"about":[{"href":"https:\/\/prensapresidencialvenezuela.gob.ve\/index.php\/wp-json\/wp\/v2\/types\/post"}],"author":[{"embeddable":true,"href":"https:\/\/prensapresidencialvenezuela.gob.ve\/index.php\/wp-json\/wp\/v2\/users\/6"}],"replies":[{"embeddable":true,"href":"https:\/\/prensapresidencialvenezuela.gob.ve\/index.php\/wp-json\/wp\/v2\/comments?post=6404"}],"version-history":[{"count":3,"href":"https:\/\/prensapresidencialvenezuela.gob.ve\/index.php\/wp-json\/wp\/v2\/posts\/6404\/revisions"}],"predecessor-version":[{"id":10605,"href":"https:\/\/prensapresidencialvenezuela.gob.ve\/index.php\/wp-json\/wp\/v2\/posts\/6404\/revisions\/10605"}],"wp:featuredmedia":[{"embeddable":true,"href":"https:\/\/prensapresidencialvenezuela.gob.ve\/index.php\/wp-json\/wp\/v2\/media\/6405"}],"wp:attachment":[{"href":"https:\/\/prensapresidencialvenezuela.gob.ve\/index.php\/wp-json\/wp\/v2\/media?parent=6404"}],"wp:term":[{"taxonomy":"category","embeddable":true,"href":"https:\/\/prensapresidencialvenezuela.gob.ve\/index.php\/wp-json\/wp\/v2\/categories?post=6404"},{"taxonomy":"post_tag","embeddable":true,"href":"https:\/\/prensapresidencialvenezuela.gob.ve\/index.php\/wp-json\/wp\/v2\/tags?post=6404"}],"curies":[{"name":"wp","href":"https:\/\/api.w.org\/{rel}","templated":true}]}}