{"id":6485,"date":"2023-09-04T23:59:59","date_gmt":"2023-09-04T23:59:59","guid":{"rendered":"http:\/\/172.27.0.121\/?p=6485"},"modified":"2023-09-04T23:59:59","modified_gmt":"2023-09-04T23:59:59","slug":"1x10-del-buen-gobierno-va-escalando-en-la-solucion-real-de-los-problemas-del-pueblo","status":"publish","type":"post","link":"https:\/\/prensapresidencialvenezuela.gob.ve\/index.php\/2023\/09\/04\/1x10-del-buen-gobierno-va-escalando-en-la-solucion-real-de-los-problemas-del-pueblo\/","title":{"rendered":"1&#215;10 del Buen Gobierno va escalando en la soluci\u00f3n real de los problemas del pueblo"},"content":{"rendered":"\n<p><strong>Palacio de Miraflores, Caracas. \u2013<\/strong>El 1&#215;10 del Buen Gobierno es creaci\u00f3n de Venezuela \u201cMade In Venezuela\u201d, subray\u00f3 el presidente de la Rep\u00fablica Bolivariana de Venezuela, Nicol\u00e1s Maduro, durante la edici\u00f3n n\u00famero 15 de su programa \u201cCon Maduro +\u201d, realizado en el Palacio de Miraflores, en la ciudad de Caracas.<\/p>\n\n\n\n<p>Al sostener que es un m\u00e9todo muy exigente, porque amerita la capacidad de reacci\u00f3n pronta y amerita la capacidad de soluci\u00f3n real, el Mandatario indic\u00f3 que es la t\u00e9cnica en pol\u00edticas p\u00fablicas para dar respuestas certeras al pueblo.<\/p>\n\n\n\n<p>\u201cEsas dos cosas\u201d, dijo que son vitales, porque \u201cllega el reporte, de inmediato, respuesta y soluci\u00f3n\u201d.<\/p>\n\n\n\n<p>Enfatiz\u00f3 el jefe de Estado que el sistema 1&#215;10 del Buen Gobierno \u201cnos obliga y debe ser as\u00ed. Debemos ser as\u00ed, obligarnos y auto obligarnos. Siempre digo, no hay excusa para no tener respuestas y soluciones a los problemas de la gente\u201d, con \u201cel 1&#215;10 tenemos que buscar las soluciones\u201d.<\/p>\n\n\n\n<p>El Sistema 1\u00d710 del Buen Gobierno, fue ideado por el presidente de la Rep\u00fablica Nicol\u00e1s Maduro, para funcionar los siete d\u00edas de la semana, las 24 horas, desde todos los ministerios, alcald\u00edas y gobernaciones, con el objetivo de atender tres \u00e1reas prioritarias denunciadas en cada comunidad del territorio venezolano.<\/p>\n\n\n\n<p><strong>Prensa Presidencial \/ Ana\u00eds P\u00e9rez<\/strong><\/p>\n","protected":false},"excerpt":{"rendered":"<p>Palacio de Miraflores, Caracas. \u2013El 1&#215;10 del Buen Gobierno es creaci\u00f3n de Venezuela \u201cMade In Venezuela\u201d, subray\u00f3 el presidente de la Rep\u00fablica Bolivariana de Venezuela, Nicol\u00e1s Maduro, durante la edici\u00f3n n\u00famero 15 de su programa \u201cCon Maduro +\u201d, realizado en el Palacio de Miraflores, en la ciudad de Caracas. Al sostener que es un m\u00e9todo [&hellip;]<\/p>\n","protected":false},"author":6,"featured_media":6486,"comment_status":"open","ping_status":"open","sticky":false,"template":"","format":"standard","meta":{"footnotes":""},"categories":[18,7],"tags":[30,19,27,20],"class_list":["post-6485","post","type-post","status-publish","format-standard","has-post-thumbnail","hentry","category-noticias-principales","category-notas-de-prensa","tag-destacado","tag-nicolas-maduro","tag-revolucion-bolivariana","tag-venezuela"],"_links":{"self":[{"href":"https:\/\/prensapresidencialvenezuela.gob.ve\/index.php\/wp-json\/wp\/v2\/posts\/6485","targetHints":{"allow":["GET"]}}],"collection":[{"href":"https:\/\/prensapresidencialvenezuela.gob.ve\/index.php\/wp-json\/wp\/v2\/posts"}],"about":[{"href":"https:\/\/prensapresidencialvenezuela.gob.ve\/index.php\/wp-json\/wp\/v2\/types\/post"}],"author":[{"embeddable":true,"href":"https:\/\/prensapresidencialvenezuela.gob.ve\/index.php\/wp-json\/wp\/v2\/users\/6"}],"replies":[{"embeddable":true,"href":"https:\/\/prensapresidencialvenezuela.gob.ve\/index.php\/wp-json\/wp\/v2\/comments?post=6485"}],"version-history":[{"count":1,"href":"https:\/\/prensapresidencialvenezuela.gob.ve\/index.php\/wp-json\/wp\/v2\/posts\/6485\/revisions"}],"predecessor-version":[{"id":6487,"href":"https:\/\/prensapresidencialvenezuela.gob.ve\/index.php\/wp-json\/wp\/v2\/posts\/6485\/revisions\/6487"}],"wp:featuredmedia":[{"embeddable":true,"href":"https:\/\/prensapresidencialvenezuela.gob.ve\/index.php\/wp-json\/wp\/v2\/media\/6486"}],"wp:attachment":[{"href":"https:\/\/prensapresidencialvenezuela.gob.ve\/index.php\/wp-json\/wp\/v2\/media?parent=6485"}],"wp:term":[{"taxonomy":"category","embeddable":true,"href":"https:\/\/prensapresidencialvenezuela.gob.ve\/index.php\/wp-json\/wp\/v2\/categories?post=6485"},{"taxonomy":"post_tag","embeddable":true,"href":"https:\/\/prensapresidencialvenezuela.gob.ve\/index.php\/wp-json\/wp\/v2\/tags?post=6485"}],"curies":[{"name":"wp","href":"https:\/\/api.w.org\/{rel}","templated":true}]}}