{"id":6492,"date":"2023-09-05T00:16:57","date_gmt":"2023-09-05T00:16:57","guid":{"rendered":"http:\/\/172.27.0.121\/?p=6492"},"modified":"2023-09-05T00:16:57","modified_gmt":"2023-09-05T00:16:57","slug":"presidente-maduro-llegaran-los-dias-de-la-prosperidad-economica","status":"publish","type":"post","link":"https:\/\/prensapresidencialvenezuela.gob.ve\/index.php\/2023\/09\/05\/presidente-maduro-llegaran-los-dias-de-la-prosperidad-economica\/","title":{"rendered":"Presidente Maduro: Llegaran los d\u00edas de la prosperidad econ\u00f3mica"},"content":{"rendered":"\n<p><strong>Palacio de Miraflores, Caracas. \u2013\u201c<\/strong>Llegaran los d\u00edas de la prosperidad econ\u00f3mica y cuando vayamos venciendo estas sanciones y limitaciones, habiendo fortalecido la base del Poder Popular; vendr\u00e1 el tiempo de la prosperidad social: Construir y reconstruir\u201d, asever\u00f3 el presidente Nicol\u00e1s Maduro, en su programa \u201cCon Maduro +\u201d, de este lunes, en el Palacio de Miraflores.<\/p>\n\n\n\n<p>Estas palabras precedieron balance de casos resueltos en el estado Cojedes, mediante el sistema 1&#215;10 del Buen Gobierno, ocasi\u00f3n en la que el jefe de Estado interactu\u00f3 con el denunciante y vocero de Consejo Comunal La Guama, Tinaco, Douglas Alberto Reyes Castillo.<\/p>\n\n\n\n<p>\u00c9l en una llamada telef\u00f3nica se\u00f1al\u00f3 desde la comunidad que la Ven App ha sido un mecanismo amigable y exitoso para la soluci\u00f3n de los problemas que aquejan a las comunidades.<\/p>\n\n\n\n<p>En esa l\u00ednea, Reyes Castillo report\u00f3 problem\u00e1tica sobre servicio el\u00e9ctrico en la zona e inmediatamente el Mandatario pidi\u00f3 el estatus del caso al Vicepresidente Sectorial de Obras P\u00fablicas y Servicios y ministro del Poder Popular para la Energ\u00eda El\u00e9ctrica, N\u00e9stor Reverol Torres.<\/p>\n\n\n\n<p>El titular de este despacho inform\u00f3 que al sector ser\u00e1 enviado un equipo para atender el reporte, a fin de revisar el proyecto de electrificaci\u00f3n y l\u00edneas de bajas y alta tensi\u00f3n, as\u00ed como los transformadores de la zona y hacer el remplazo que haga falta.<\/p>\n\n\n\n<p>En esta edici\u00f3n de \u201cCon Maduro +\u201d, el Ejecutivo Nacional tambi\u00e9n asumi\u00f3 el compromiso para construir ala para ampliar prescolar de la comunidad.<\/p>\n\n\n\n<p><strong>Prensa Presidencial \/ Ana\u00eds P\u00e9rez<\/strong><\/p>\n","protected":false},"excerpt":{"rendered":"<p>Palacio de Miraflores, Caracas. \u2013\u201cLlegaran los d\u00edas de la prosperidad econ\u00f3mica y cuando vayamos venciendo estas sanciones y limitaciones, habiendo fortalecido la base del Poder Popular; vendr\u00e1 el tiempo de la prosperidad social: Construir y reconstruir\u201d, asever\u00f3 el presidente Nicol\u00e1s Maduro, en su programa \u201cCon Maduro +\u201d, de este lunes, en el Palacio de Miraflores. [&hellip;]<\/p>\n","protected":false},"author":6,"featured_media":6494,"comment_status":"open","ping_status":"open","sticky":false,"template":"","format":"standard","meta":{"footnotes":""},"categories":[18,7],"tags":[30,19,27,20],"class_list":["post-6492","post","type-post","status-publish","format-standard","has-post-thumbnail","hentry","category-noticias-principales","category-notas-de-prensa","tag-destacado","tag-nicolas-maduro","tag-revolucion-bolivariana","tag-venezuela"],"_links":{"self":[{"href":"https:\/\/prensapresidencialvenezuela.gob.ve\/index.php\/wp-json\/wp\/v2\/posts\/6492","targetHints":{"allow":["GET"]}}],"collection":[{"href":"https:\/\/prensapresidencialvenezuela.gob.ve\/index.php\/wp-json\/wp\/v2\/posts"}],"about":[{"href":"https:\/\/prensapresidencialvenezuela.gob.ve\/index.php\/wp-json\/wp\/v2\/types\/post"}],"author":[{"embeddable":true,"href":"https:\/\/prensapresidencialvenezuela.gob.ve\/index.php\/wp-json\/wp\/v2\/users\/6"}],"replies":[{"embeddable":true,"href":"https:\/\/prensapresidencialvenezuela.gob.ve\/index.php\/wp-json\/wp\/v2\/comments?post=6492"}],"version-history":[{"count":1,"href":"https:\/\/prensapresidencialvenezuela.gob.ve\/index.php\/wp-json\/wp\/v2\/posts\/6492\/revisions"}],"predecessor-version":[{"id":6495,"href":"https:\/\/prensapresidencialvenezuela.gob.ve\/index.php\/wp-json\/wp\/v2\/posts\/6492\/revisions\/6495"}],"wp:featuredmedia":[{"embeddable":true,"href":"https:\/\/prensapresidencialvenezuela.gob.ve\/index.php\/wp-json\/wp\/v2\/media\/6494"}],"wp:attachment":[{"href":"https:\/\/prensapresidencialvenezuela.gob.ve\/index.php\/wp-json\/wp\/v2\/media?parent=6492"}],"wp:term":[{"taxonomy":"category","embeddable":true,"href":"https:\/\/prensapresidencialvenezuela.gob.ve\/index.php\/wp-json\/wp\/v2\/categories?post=6492"},{"taxonomy":"post_tag","embeddable":true,"href":"https:\/\/prensapresidencialvenezuela.gob.ve\/index.php\/wp-json\/wp\/v2\/tags?post=6492"}],"curies":[{"name":"wp","href":"https:\/\/api.w.org\/{rel}","templated":true}]}}